{"id":52812,"date":"2023-08-02T14:23:58","date_gmt":"2023-08-02T14:23:58","guid":{"rendered":"https:\/\/rdnews.al\/?p=52812"},"modified":"2023-08-02T14:24:21","modified_gmt":"2023-08-02T14:24:21","slug":"kreu-i-konfidustrias-po-pastrohen-masivisht-para-te-pista-ne-shqiperi","status":"publish","type":"post","link":"https:\/\/rdnews.al\/index.php\/2023\/08\/02\/kreu-i-konfidustrias-po-pastrohen-masivisht-para-te-pista-ne-shqiperi\/","title":{"rendered":"Kreu i Konfidustrias: Po pastrohen masivisht para t\u00eb pista n\u00eb Shqip\u00ebri"},"content":{"rendered":"<p>Kreu i Konfindustris\u00eb, Gjergj Buxhuku foli p\u00ebr zhvler\u00ebsimin e euros, duke u ndalur edhe tek forcimi i lekut. Gjat\u00eb bised\u00ebs n\u00eb studio ai theksoi se r\u00ebnia e euros ka ardhur nga flukset informale t\u00eb parave. Gjithashtu shtoi se duhet b\u00ebr\u00eb nj\u00eb analiz\u00eb e thelluar p\u00ebr t\u00eb sqaruar opinionin, si edhe t\u00eb merren masa lidhur me k\u00ebt\u00eb situat\u00eb.<\/p>\n<p>\u201cPrej nj\u00eb viti ka pasur nj\u00eb zhvler\u00ebsim t\u00eb vazhduesh\u00ebm t\u00eb euros. Duhet t\u00eb ket\u00eb nj\u00eb sinjal alarmi q\u00eb nuk lidhet vet\u00ebm me zhvler\u00ebsimin e euros dhe forcimin e lekut, por kemi t\u00eb b\u00ebjm\u00eb nj\u00eb sinjal q\u00eb leku godet ashp\u00ebr euron, por kemi t\u00eb b\u00ebjm\u00eb edhe me faktin se si po funksionon n\u00eb p\u00ebrgjith\u00ebsi ekonomia. \u00cbsht\u00eb nj\u00eb sinjal alarmi q\u00eb p\u00ebr nga p\u00ebrmasat mund t\u00eb p\u00ebrafrohet me vitin \u201997. Pasi edhe n\u00eb at\u00eb koh\u00eb e gjith\u00eb vendimmarrja mbylli syt\u00eb, me piramidat e koh\u00ebs. M\u00eb e pakta q\u00eb duhet t\u00eb kishin b\u00ebr\u00eb institucionet p\u00ebrgjegj\u00ebsie n\u00eb Shqip\u00ebri, \u00ebsht\u00eb t\u00eb b\u00ebnin detyr\u00ebn e tyre. Mungon p\u00ebrgjigja e institucioneve. Masa kryesore \u00ebsht\u00eb t\u00eb dalin n\u00eb konkluzione dhe t\u2019ua thon\u00eb hapur shqiptar\u00ebve se p\u00ebrse po forcohet leku. Kemi prani apo flukse masive t\u00eb parave t\u00eb zeza q\u00eb pastrohen n\u00eb ekonomin\u00eb shqiptare, kjo \u00ebsht\u00eb shum\u00eb e rrezikshme. N\u00ebse do t\u00eb zhvilloheshin me burime normale nuk ka asnj\u00eb problem, por t\u00eb gjitha t\u00eb dh\u00ebnat tregojn\u00eb q\u00eb nuk ka rritja p\u00ebr shkak t\u00eb ekonomis\u00eb formale, por kemi t\u00eb b\u00ebjm\u00eb para q\u00eb vijn\u00eb nga informalitete, para t\u00eb zeza q\u00eb pastrohen n\u00eb Shqip\u00ebri. Qeveria t\u00eb reagoj\u00eb\u201d, u shpreh ai.<\/p>\n","protected":false},"excerpt":{"rendered":"<p>Kreu i Konfindustris\u00eb, Gjergj Buxhuku foli p\u00ebr zhvler\u00ebsimin e euros, duke u ndalur edhe tek forcimi i lekut. Gjat\u00eb bised\u00ebs n\u00eb studio ai theksoi se r\u00ebnia e euros ka ardhur nga flukset informale t\u00eb parave. Gjithashtu shtoi se duhet b\u00ebr\u00eb nj\u00eb analiz\u00eb e thelluar p\u00ebr t\u00eb sqaruar opinionin, si edhe t\u00eb merren masa lidhur me &hellip;<\/p>\n","protected":false},"author":4,"featured_media":0,"comment_status":"open","ping_status":"open","sticky":false,"template":"","format":"standard","meta":{"footnotes":""},"categories":[46],"tags":[],"class_list":["post-52812","post","type-post","status-publish","format-standard","","category-ekonomi"],"_links":{"self":[{"href":"https:\/\/rdnews.al\/index.php\/wp-json\/wp\/v2\/posts\/52812","targetHints":{"allow":["GET"]}}],"collection":[{"href":"https:\/\/rdnews.al\/index.php\/wp-json\/wp\/v2\/posts"}],"about":[{"href":"https:\/\/rdnews.al\/index.php\/wp-json\/wp\/v2\/types\/post"}],"author":[{"embeddable":true,"href":"https:\/\/rdnews.al\/index.php\/wp-json\/wp\/v2\/users\/4"}],"replies":[{"embeddable":true,"href":"https:\/\/rdnews.al\/index.php\/wp-json\/wp\/v2\/comments?post=52812"}],"version-history":[{"count":0,"href":"https:\/\/rdnews.al\/index.php\/wp-json\/wp\/v2\/posts\/52812\/revisions"}],"wp:attachment":[{"href":"https:\/\/rdnews.al\/index.php\/wp-json\/wp\/v2\/media?parent=52812"}],"wp:term":[{"taxonomy":"category","embeddable":true,"href":"https:\/\/rdnews.al\/index.php\/wp-json\/wp\/v2\/categories?post=52812"},{"taxonomy":"post_tag","embeddable":true,"href":"https:\/\/rdnews.al\/index.php\/wp-json\/wp\/v2\/tags?post=52812"}],"curies":[{"name":"wp","href":"https:\/\/api.w.org\/{rel}","templated":true}]}}