{"id":52829,"date":"2023-08-02T17:48:05","date_gmt":"2023-08-02T17:48:05","guid":{"rendered":"https:\/\/rdnews.al\/?p=52829"},"modified":"2023-08-02T19:22:58","modified_gmt":"2023-08-02T19:22:58","slug":"gjykata-kushtetuese-rrezoi-ankimimin-ndaj-portit-te-durresit-gjermania-reagon-ne-favor-te-kompanise-ems","status":"publish","type":"post","link":"https:\/\/rdnews.al\/index.php\/2023\/08\/02\/gjykata-kushtetuese-rrezoi-ankimimin-ndaj-portit-te-durresit-gjermania-reagon-ne-favor-te-kompanise-ems\/","title":{"rendered":"Gjykata Kushtetuese rr\u00ebzoi ankimimin ndaj Portit t\u00eb Durr\u00ebsit, Gjermania reagon n\u00eb favor t\u00eb kompanis\u00eb EMS"},"content":{"rendered":"<p>Pas prishjes s\u00eb kontrat\u00ebs\u00a0 nga Autoriteti Potual i Durr\u00ebsit me kompanin\u00eb gjermane \u2018EMS Albanian\u2019 ka reaguar ambasada gjermane n\u00eb Tiran\u00eb.<\/p>\n<p>Z\u00ebvend\u00ebsambasadori dhe Referenti i Ekonomis\u00eb n\u00eb ambasad\u00ebn Gjermane, Thilo Schroeter, ka vizituar dit\u00ebn e djeshme kompanin\u00eb EMS Albanian Port Operator n\u00eb portin e Durr\u00ebsit. Sipas nj\u00eb njoftimi t\u00eb b\u00ebr\u00eb nga Ambasada, thuhet se arsyeja e vizit\u00ebs ka qen\u00eb p\u00ebr t\u00eb krijuar nj\u00eb ide mbi situat\u00ebn e kompanis\u00eb.<\/p>\n<p>\u201cKushtet e drejta dhe ligjore p\u00ebr investitor\u00ebt e huaj jan\u00eb thelb\u00ebsore p\u00ebr perspektiv\u00ebn e Shqip\u00ebris\u00eb si vend p\u00ebr t\u00eb b\u00ebr\u00eb biznes dhe t\u00eb ardhmen e saj si pjes\u00eb e tregut t\u00eb brendsh\u00ebm europian\u201d, thuhet n\u00eb reagimin e ambasad\u00ebs.<\/p>\n<p>Kompania gjermane EMS APO, q\u00eb prej 9 vitesh operon p\u00ebr zbatimin e kontrat\u00ebs koncesionare p\u00ebr p\u00ebrpunimin e anijeve t\u00eb mallrave rifuxho n\u00eb terminalin lindor t\u00eb portit t\u00eb Durr\u00ebsit,\u00a0i k\u00ebrkoi Gjykat\u00ebs Kushtetuese t\u00eb shfuqizoj\u00eb disa dispozita t\u00eb ligjit nr. 79\/2022, p\u00ebr projektin e investimit strategjik \u201cMarina &amp; Jahtet e Durr\u00ebsit, si t\u00eb papajtueshme me Kushtetut\u00ebn, duke pretenduar, se ato cenojn\u00eb lirin\u00eb e veprimtaris\u00eb ekonomike dhe parimin e barazis\u00eb p\u00ebrpara ligjit.<\/p>\n<p><img loading=\"lazy\" decoding=\"async\" class=\"alignnone size-medium wp-image-52830\" src=\"https:\/\/rdnews.al\/wp-content\/uploads\/2023\/08\/ger-300x300.jpg\" alt=\"\" width=\"300\" height=\"300\" srcset=\"https:\/\/rdnews.al\/wp-content\/uploads\/2023\/08\/ger-300x300.jpg 300w, https:\/\/rdnews.al\/wp-content\/uploads\/2023\/08\/ger-150x150.jpg 150w, https:\/\/rdnews.al\/wp-content\/uploads\/2023\/08\/ger-768x768.jpg 768w, https:\/\/rdnews.al\/wp-content\/uploads\/2023\/08\/ger.jpg 900w\" sizes=\"auto, (max-width: 300px) 100vw, 300px\" \/><\/p>\n<p>M\u00eb tej ata pretendonin se c\u00ebnohen n\u00eb m\u00ebnyr\u00eb t\u00eb drejtp\u00ebrdrejt\u00eb t\u00eb drejtat dhe lirit\u00eb e tyre, t\u00eb cilat, bazuar n\u00eb kontrat\u00ebn e koncesionit, zhvillojn\u00eb veprimtari ekonomike n\u00eb Terminalin Lindor dhe kan\u00eb realizuar investime.<\/p>\n<p>Por Kolegji vler\u00ebsoi\u00a0se k\u00ebrkueset nuk kan\u00eb parashtruar argumente kushtetuese p\u00ebr t\u00eb provuar cenimin real dhe jo hipotetik t\u00eb t\u00eb drejtave dhe lirive t\u00eb tyre themelore t\u00eb mbrojtura kushtetutshm\u00ebrisht.<\/p>\n<p><em>N\u00eb k\u00ebt\u00eb kuptim, k\u00ebrkueset nuk kan\u00eb arritur t\u00eb provojn\u00eb se cilat jan\u00eb interesat e tyre konkrete q\u00eb jan\u00eb prekur nga ligji nr. 79\/2022 me t\u00eb cilin \u00ebsht\u00eb miratuar marr\u00ebveshja kuad\u00ebr nd\u00ebrmjet K\u00ebshillit t\u00eb Ministrave dhe Eagle Hills Real Estate Development, Albanian Seaports Development Company sh.a. dhe NSHMI Development L.L.C., n\u00eb lidhje me projektin e investimit strategjik \u201cMarina &amp; Jahtet e Durr\u00ebsit\u201d, p\u00ebr rrjedhoj\u00eb nuk legjitimohen ratione personae p\u00ebr kund\u00ebrshtimin e dispozitave objekt k\u00ebrkese&#8221;<\/em>\u00a0shkruhet\u00a0n\u00eb vendimin e argumentuar t\u00eb gjykat\u00ebs.<\/p>\n<p>Po k\u00ebshtu Kolegji\u00a0 v\u00ebren se \u00a0\u00e7do pretendim q\u00eb ka t\u00eb b\u00ebj\u00eb me p\u00ebrmbajtjen e k\u00ebsaj marr\u00ebveshjeje nd\u00ebrkomb\u00ebtare pas ratifikimit t\u00eb saj nuk mund t\u2019i n\u00ebnshtrohet kontrollit kushtetues.<\/p>\n<p><em>Kolegji vler\u00ebson se n\u00eb kushtet q\u00eb k\u00ebrkueset nuk arrit\u00ebn t\u00eb provojn\u00eb interesin e tyre p\u00ebr t`iu drejtuar k\u00ebsaj Gjykate, nuk \u00ebsht\u00eb e nevojshme t\u00eb vijohet me vler\u00ebsimin e kritereve t\u00eb tjera t\u00eb legjitimimit. N\u00eb p\u00ebrfundim, Kolegji \u00e7mon se k\u00ebrkesa nuk plot\u00ebson kriteret ligjore p\u00ebr kalimin e saj p\u00ebr shqyrtim n\u00eb seanc\u00eb plenare&#8221;\u00a0 n\u00eb vendimin e\u00a0<\/em>Kolegjit t\u00eb\u00a0Gjykat\u00ebs Kushtetuese t\u00eb Republik\u00ebs s\u00eb Shqip\u00ebris\u00eb, i p\u00ebrb\u00ebr\u00eb nga\u00a0Elsa Toska,Kryesuese,\u00a0Ilir Toska,\u00a0An\u00ebtar\u00a0e\u00a0Genti Ibrahimi,an\u00ebtar.<\/p>\n<p>Vendimi mban dat\u00ebn 18 korrik 2023.<\/p>\n<p>N\u00eb 24 n\u00ebntor 2023, n\u00eb nj\u00eb seanc\u00eb q\u00eb ka zgjatur p\u00ebr m\u00eb shum\u00eb se 14\u00a0or\u00eb e mes debateve dhe akuzave q\u00eb kan\u00eb mb\u00ebrritur nga opozita duke e cil\u00ebsuar si \u201cafer\u00ebn m\u00eb t\u00eb madhe korruptive\u201d, Partia Socialiste miratoi\u00a0me votat e saj marr\u00ebveshjen p\u00ebr Portin e Durr\u00ebsit.\u00a0<em><a href=\"https:\/\/shqiptarja.com\/lajm\/sot-kuvend-pritet-miratimi-i-buxhetit-paketes-fiskale-2023-dhe-marreveshjes-se-portit-te-durresit-grupi-alibeajt-interpelance-me-ramen-per-permbytjet\" target=\"_blank\" rel=\"noopener\">Me 74\u00a0vota pro dhe 35 kund\u00ebr,<\/a><\/em>\u00a0Kuvendi i hapi rrug\u00ebn investimit 2.1 miliard\u00eb eurosh. T\u00eb pranish\u00ebm n\u00eb sall\u00eb ishin 107 deputet\u00eb, ku ia vlen t\u00eb theksohet q\u00eb kryeministri Edi Rama mungoi. N\u00eb p\u00ebrfundim t\u00eb votimit, socialist\u00ebt duartrokit\u00ebn n\u00eb at\u00eb q\u00eb e quajn\u00eb nj\u00eb &#8220;marr\u00ebveshje q\u00eb do i sjell\u00eb vendit nj\u00eb bum ekonomik.<\/p>\n<p>Projekti do t\u00eb zhvillohet n\u00eb nj\u00eb sip\u00ebrfaqe trualli prej 812 600 m2, q\u00eb nga investimi, i kalon n\u00eb pron\u00ebsi kompanive. Parashikohen 12 000 apartamenteve dhe 2 hoteleve me 850 dhoma n\u00eb total. Projekti parashikon 80 000 met\u00ebr katror hap\u00ebsira t\u00eb gjelbra, ose hap\u00ebsira t\u00eb hapura dhe nj\u00eb gjat\u00ebsi plazhi 700 metra. Faza e par\u00eb nis n\u00eb 2023-shin e zgjat p\u00ebr 5 vite, me vler\u00eb investimi\u00a0 \u20ac 595 milion\u00eb euro, dhe p\u00ebr faz\u00ebn e dyt\u00eb q\u00eb pritet t\u00eb nis\u00eb n\u00eb 2028-\u00ebn, investimi \u00ebsht\u00eb rreth 1 miliard\u00eb e gjysm\u00eb euro. Marr\u00ebveshja ka nj\u00eb jetgjat\u00ebsi prej 35 vitesh, nd\u00ebrsa p\u00ebrfundimi total i realizimit t\u00eb projektit zgajt 20 vite. Qeveria shqiptare do t\u00eb p\u00ebrfitoi gjat\u00eb gjith\u00eb koh\u00ebs 33.3% t\u00eb dividentit. Parashikohen 12 000 t\u00eb pun\u00ebsuar.<\/p>\n<p><img loading=\"lazy\" decoding=\"async\" class=\"alignnone size-medium wp-image-52831\" src=\"https:\/\/rdnews.al\/wp-content\/uploads\/2023\/08\/w-219x300.jpg\" alt=\"\" width=\"219\" height=\"300\" srcset=\"https:\/\/rdnews.al\/wp-content\/uploads\/2023\/08\/w-219x300.jpg 219w, https:\/\/rdnews.al\/wp-content\/uploads\/2023\/08\/w-747x1024.jpg 747w, https:\/\/rdnews.al\/wp-content\/uploads\/2023\/08\/w-768x1052.jpg 768w, https:\/\/rdnews.al\/wp-content\/uploads\/2023\/08\/w.jpg 900w\" sizes=\"auto, (max-width: 219px) 100vw, 219px\" \/><\/p>\n","protected":false},"excerpt":{"rendered":"<p>Pas prishjes s\u00eb kontrat\u00ebs\u00a0 nga Autoriteti Potual i Durr\u00ebsit me kompanin\u00eb gjermane \u2018EMS Albanian\u2019 ka reaguar ambasada gjermane n\u00eb Tiran\u00eb. Z\u00ebvend\u00ebsambasadori dhe Referenti i Ekonomis\u00eb n\u00eb ambasad\u00ebn Gjermane, Thilo Schroeter, ka vizituar dit\u00ebn e djeshme kompanin\u00eb EMS Albanian Port Operator n\u00eb portin e Durr\u00ebsit. Sipas nj\u00eb njoftimi t\u00eb b\u00ebr\u00eb nga Ambasada, thuhet se arsyeja e &hellip;<\/p>\n","protected":false},"author":4,"featured_media":52832,"comment_status":"open","ping_status":"open","sticky":false,"template":"","format":"standard","meta":{"footnotes":""},"categories":[46],"tags":[],"class_list":["post-52829","post","type-post","status-publish","format-standard","has-post-thumbnail","","category-ekonomi"],"_links":{"self":[{"href":"https:\/\/rdnews.al\/index.php\/wp-json\/wp\/v2\/posts\/52829","targetHints":{"allow":["GET"]}}],"collection":[{"href":"https:\/\/rdnews.al\/index.php\/wp-json\/wp\/v2\/posts"}],"about":[{"href":"https:\/\/rdnews.al\/index.php\/wp-json\/wp\/v2\/types\/post"}],"author":[{"embeddable":true,"href":"https:\/\/rdnews.al\/index.php\/wp-json\/wp\/v2\/users\/4"}],"replies":[{"embeddable":true,"href":"https:\/\/rdnews.al\/index.php\/wp-json\/wp\/v2\/comments?post=52829"}],"version-history":[{"count":0,"href":"https:\/\/rdnews.al\/index.php\/wp-json\/wp\/v2\/posts\/52829\/revisions"}],"wp:featuredmedia":[{"embeddable":true,"href":"https:\/\/rdnews.al\/index.php\/wp-json\/wp\/v2\/media\/52832"}],"wp:attachment":[{"href":"https:\/\/rdnews.al\/index.php\/wp-json\/wp\/v2\/media?parent=52829"}],"wp:term":[{"taxonomy":"category","embeddable":true,"href":"https:\/\/rdnews.al\/index.php\/wp-json\/wp\/v2\/categories?post=52829"},{"taxonomy":"post_tag","embeddable":true,"href":"https:\/\/rdnews.al\/index.php\/wp-json\/wp\/v2\/tags?post=52829"}],"curies":[{"name":"wp","href":"https:\/\/api.w.org\/{rel}","templated":true}]}}