{"id":53796,"date":"2023-08-17T09:32:24","date_gmt":"2023-08-17T09:32:24","guid":{"rendered":"https:\/\/rdnews.al\/?p=53796"},"modified":"2023-08-17T09:32:24","modified_gmt":"2023-08-17T09:32:24","slug":"sterilizimi-kerkohet-arrestimi-i-ish-ministrit-ilir-beqja","status":"publish","type":"post","link":"https:\/\/rdnews.al\/index.php\/2023\/08\/17\/sterilizimi-kerkohet-arrestimi-i-ish-ministrit-ilir-beqja\/","title":{"rendered":"\u201cSterilizimi\u201d, k\u00ebrkohet arrestimi i ish-ministrit Ilir Beqja"},"content":{"rendered":"<p>P\u00ebrve\u00e7 biznesmenit, zyrtar\u00ebve dhe ish-zyrtar\u00ebve t\u00eb arrestuar, Prokuroria e Posa\u00e7me po vijon hetime t\u00eb m\u00ebtejshme p\u00ebr koncesionin e sterilizimit p\u00ebr zyrtar\u00eb t\u00eb tjer\u00eb, p\u00ebrfshir\u00eb edhe rolin e ish-ministrit t\u00eb Sh\u00ebndet\u00ebsis\u00eb, Ilir Beqja.<\/p>\n<p>Sipas \u201cBalkanWeb\u201d, GJKKO i k\u00ebrkon SPAK-ut t\u00eb nis\u00eb hetimet edhe p\u00ebr zyrtar\u00eb t\u00eb tjer\u00eb, p\u00ebrfshir\u00eb dhe ish-ministrin Ilir Beqja.<\/p>\n<p>Ish-ministri i Sh\u00ebndet\u00ebsis\u00eb, Ilir Beqja, u paraqit n\u00eb SPAK disa jav\u00eb m\u00eb par\u00eb, pasi koncesioni u dha gjat\u00eb koh\u00ebs q\u00eb drejtonte Ministrin\u00eb e Sh\u00ebndet\u00ebsis\u00eb.<\/p>\n<p>Gjithashtu m\u00eb her\u00ebt n\u00eb SPAK dha d\u00ebshmin\u00eb e saj ish-ministrja e Financave, Anila Denaj dhe ish-z\u00ebvend\u00ebsministri i Sh\u00ebndet\u00ebsis\u00eb, Klodian Rjepaj, tashm\u00eb i arrestuar.<\/p>\n<p>N\u00eb muajin qershor SPAK t\u00ebrhoqi dokumentet e sterilizimit dhe chekup n\u00eb spitalet e vendit, lidhur me sh\u00ebrbimet q\u00eb kryejn\u00eb, sasit\u00eb dhe pagesat e b\u00ebra p\u00ebr koncesionaret q\u00eb kan\u00eb fituar tenderin.<\/p>\n","protected":false},"excerpt":{"rendered":"<p>P\u00ebrve\u00e7 biznesmenit, zyrtar\u00ebve dhe ish-zyrtar\u00ebve t\u00eb arrestuar, Prokuroria e Posa\u00e7me po vijon hetime t\u00eb m\u00ebtejshme p\u00ebr koncesionin e sterilizimit p\u00ebr zyrtar\u00eb t\u00eb tjer\u00eb, p\u00ebrfshir\u00eb edhe rolin e ish-ministrit t\u00eb Sh\u00ebndet\u00ebsis\u00eb, Ilir Beqja. Sipas \u201cBalkanWeb\u201d, GJKKO i k\u00ebrkon SPAK-ut t\u00eb nis\u00eb hetimet edhe p\u00ebr zyrtar\u00eb t\u00eb tjer\u00eb, p\u00ebrfshir\u00eb dhe ish-ministrin Ilir Beqja. Ish-ministri i Sh\u00ebndet\u00ebsis\u00eb, Ilir &hellip;<\/p>\n","protected":false},"author":4,"featured_media":9136,"comment_status":"open","ping_status":"open","sticky":false,"template":"","format":"standard","meta":{"footnotes":""},"categories":[40],"tags":[],"class_list":["post-53796","post","type-post","status-publish","format-standard","has-post-thumbnail","","category-aktualitet"],"_links":{"self":[{"href":"https:\/\/rdnews.al\/index.php\/wp-json\/wp\/v2\/posts\/53796","targetHints":{"allow":["GET"]}}],"collection":[{"href":"https:\/\/rdnews.al\/index.php\/wp-json\/wp\/v2\/posts"}],"about":[{"href":"https:\/\/rdnews.al\/index.php\/wp-json\/wp\/v2\/types\/post"}],"author":[{"embeddable":true,"href":"https:\/\/rdnews.al\/index.php\/wp-json\/wp\/v2\/users\/4"}],"replies":[{"embeddable":true,"href":"https:\/\/rdnews.al\/index.php\/wp-json\/wp\/v2\/comments?post=53796"}],"version-history":[{"count":0,"href":"https:\/\/rdnews.al\/index.php\/wp-json\/wp\/v2\/posts\/53796\/revisions"}],"wp:featuredmedia":[{"embeddable":true,"href":"https:\/\/rdnews.al\/index.php\/wp-json\/wp\/v2\/media\/9136"}],"wp:attachment":[{"href":"https:\/\/rdnews.al\/index.php\/wp-json\/wp\/v2\/media?parent=53796"}],"wp:term":[{"taxonomy":"category","embeddable":true,"href":"https:\/\/rdnews.al\/index.php\/wp-json\/wp\/v2\/categories?post=53796"},{"taxonomy":"post_tag","embeddable":true,"href":"https:\/\/rdnews.al\/index.php\/wp-json\/wp\/v2\/tags?post=53796"}],"curies":[{"name":"wp","href":"https:\/\/api.w.org\/{rel}","templated":true}]}}