{"id":53843,"date":"2023-08-17T11:44:30","date_gmt":"2023-08-17T11:44:30","guid":{"rendered":"https:\/\/rdnews.al\/?p=53843"},"modified":"2023-08-17T11:44:43","modified_gmt":"2023-08-17T11:44:43","slug":"ish-ministri-cani-nga-spak-rama-me-hoqi-nga-detyra-kur-nisi-koncesioni-te-me-jepte-dhe-mua-ca-para","status":"publish","type":"post","link":"https:\/\/rdnews.al\/index.php\/2023\/08\/17\/ish-ministri-cani-nga-spak-rama-me-hoqi-nga-detyra-kur-nisi-koncesioni-te-me-jepte-dhe-mua-ca-para\/","title":{"rendered":"Ish-ministri nga SPAK: Rama m\u00eb hoqi nga detyra kur nisi koncesioni, t\u00eb m\u00eb jepte dhe mua ca para&#8230;."},"content":{"rendered":"<p>Ish-ministri i Financave Shk\u00eblqim Cani ka folur p\u00ebr mediat pas d\u00ebshmis\u00eb n\u00eb SPAK p\u00ebr koncesionin e sterilizimit. Cani u thirr n\u00eb SPAK p\u00ebr t\u00eb d\u00ebshmuar si person q\u00eb ka dijeni p\u00ebr rrethanat e \u00e7\u00ebshtjes.<\/p>\n<p>\u201cUn\u00eb jam njeriu i cili duhet t\u00eb ruaj sekretin hetimor. Nuk mund t\u00eb flas n\u00eb detaje p\u00ebr at\u00eb q\u00eb ndodhi. Po ju them se ka interesim n\u00eb kuad\u00ebr t\u00eb transparenc\u00ebs. Meq\u00eb \u00ebsht\u00eb gusht, vap\u00eb \u00ebsht\u00eb, SPAK duhet fal\u00ebnderuar bashk\u00eb me ju se po punojn\u00eb. Sipas mendimit tim, duhet t\u00eb pyesni ata dhe jo mua. Un\u00eb kam zbatuar ligjin dhe aktet n\u00ebnligjore. \u00c7\u2019ne un\u00eb t\u00eb njihesha me t\u00eb (biznesmenin Rrapaj)? T\u00eb m\u00eb jepte dhe me mua ca para? Nga ta gjej un\u00eb k\u00ebt\u00eb lidhje? Pse duhet ta njoh un\u00eb at\u00eb? Un\u00eb po e jap p\u00ebrgjigjen sakt\u00eb. Jua thash shum\u00eb her\u00eb, po at\u00eb p\u00ebrgjigje kam. Kur ka nisur koncesioni kam ikur nga detyra\u2026Jan\u00eb plot\u00ebsuar k\u00ebrkesat sipas ligjit. Ju \u00e7far\u00eb m\u00eb k\u00ebrkuar, k\u00ebto jan\u00eb p\u00ebrgjigjet\u201d, tha ai.<\/p>\n","protected":false},"excerpt":{"rendered":"<p>Ish-ministri i Financave Shk\u00eblqim Cani ka folur p\u00ebr mediat pas d\u00ebshmis\u00eb n\u00eb SPAK p\u00ebr koncesionin e sterilizimit. Cani u thirr n\u00eb SPAK p\u00ebr t\u00eb d\u00ebshmuar si person q\u00eb ka dijeni p\u00ebr rrethanat e \u00e7\u00ebshtjes. \u201cUn\u00eb jam njeriu i cili duhet t\u00eb ruaj sekretin hetimor. Nuk mund t\u00eb flas n\u00eb detaje p\u00ebr at\u00eb q\u00eb ndodhi. Po &hellip;<\/p>\n","protected":false},"author":4,"featured_media":53845,"comment_status":"open","ping_status":"open","sticky":false,"template":"","format":"standard","meta":{"footnotes":""},"categories":[37],"tags":[],"class_list":["post-53843","post","type-post","status-publish","format-standard","has-post-thumbnail","","category-politike"],"_links":{"self":[{"href":"https:\/\/rdnews.al\/index.php\/wp-json\/wp\/v2\/posts\/53843","targetHints":{"allow":["GET"]}}],"collection":[{"href":"https:\/\/rdnews.al\/index.php\/wp-json\/wp\/v2\/posts"}],"about":[{"href":"https:\/\/rdnews.al\/index.php\/wp-json\/wp\/v2\/types\/post"}],"author":[{"embeddable":true,"href":"https:\/\/rdnews.al\/index.php\/wp-json\/wp\/v2\/users\/4"}],"replies":[{"embeddable":true,"href":"https:\/\/rdnews.al\/index.php\/wp-json\/wp\/v2\/comments?post=53843"}],"version-history":[{"count":0,"href":"https:\/\/rdnews.al\/index.php\/wp-json\/wp\/v2\/posts\/53843\/revisions"}],"wp:featuredmedia":[{"embeddable":true,"href":"https:\/\/rdnews.al\/index.php\/wp-json\/wp\/v2\/media\/53845"}],"wp:attachment":[{"href":"https:\/\/rdnews.al\/index.php\/wp-json\/wp\/v2\/media?parent=53843"}],"wp:term":[{"taxonomy":"category","embeddable":true,"href":"https:\/\/rdnews.al\/index.php\/wp-json\/wp\/v2\/categories?post=53843"},{"taxonomy":"post_tag","embeddable":true,"href":"https:\/\/rdnews.al\/index.php\/wp-json\/wp\/v2\/tags?post=53843"}],"curies":[{"name":"wp","href":"https:\/\/api.w.org\/{rel}","templated":true}]}}