{"id":53962,"date":"2023-08-18T18:26:10","date_gmt":"2023-08-18T18:26:10","guid":{"rendered":"https:\/\/rdnews.al\/?p=53962"},"modified":"2023-08-18T18:26:10","modified_gmt":"2023-08-18T18:26:10","slug":"mitsotakis-perze-ramen-nga-takimi-me-lideret-e-rajonit","status":"publish","type":"post","link":"https:\/\/rdnews.al\/index.php\/2023\/08\/18\/mitsotakis-perze-ramen-nga-takimi-me-lideret-e-rajonit\/","title":{"rendered":"Mitsotakis p\u00ebrze Ram\u00ebn nga takimi me lider\u00ebt e rajonit"},"content":{"rendered":"<p>N\u00eb nj\u00eb koh\u00eb kur marr\u00ebdh\u00ebniet nd\u00ebrmjet Tiran\u00ebs dhe Athin\u00ebs jan\u00eb tensionuar p\u00ebr shkak t\u00eb arrestimit t\u00eb kryetarit t\u00eb zgjedhur t\u00eb bashkis\u00eb s\u00eb Himar\u00ebs, Fredi Beleri, nj\u00eb tjet\u00ebr q\u00ebndrim vjen nga pala greke.<\/p>\n<p>Kryeministri i Greqis\u00eb, Kyriakos Mitsotakis, n\u00eb 21 gusht do t\u00eb mir\u00ebpres\u00eb n\u00eb nj\u00eb dark\u00eb informale lider\u00ebt e rajonit, por nuk ka ftuar kryeministrin shqiptar Edi Rama. Shqip\u00ebria, q\u00eb ishte e ftuar n\u00eb rang Presidenti, nuk do t\u00eb jet\u00eb e p\u00ebrfaq\u00ebsuar.<\/p>\n<p>Sipas gazet\u00ebs greke \u201cProtothema\u201d, n\u00eb Athin\u00eb do t\u00eb jen\u00eb kryeministri i Kosov\u00ebs, Albin Kurti, Presidenti i Serbis\u00eb, Aleksandar Vu\u00e7i\u00e7, Presidenti i Malit t\u00eb Zi, Jakov Milatovi\u00e7 dhe kryeministri i Maqedonis\u00eb s\u00eb Veriut, Dimitar Kova\u00e7evksi. T\u00eb pranish\u00ebm do t\u00eb jen\u00eb edhe lider\u00ebt e shteteve t\u00eb rajonit q\u00eb jan\u00eb an\u00ebtar\u00eb t\u00eb Bashkimit Evropian.<\/p>\n<p>N\u00eb k\u00ebt\u00eb dark\u00eb ku do t\u00eb jet\u00eb edhe Presidentja e Komisionit Evropian, Ursula von der Leyen dhe Presidenti i K\u00ebshillit t\u00eb Evrop\u00ebs, Charles Michel do t\u00eb diskutohet p\u00ebr t\u00eb ardhmen evropiane t\u00eb Ballkanit.\u00a0Duke ftuar presidentin, pala greke ka shmangur Ram\u00ebn.<\/p>\n<p>Nj\u00eb grup personash, protestuan n\u00eb sheshin e Spilles\u00eb n\u00eb Himar\u00eb disa dit\u00eb m\u00eb par\u00eb, ku k\u00ebrkonin lirimin e krebashkiakut t\u00eb zgjedhur t\u00eb Himar\u00ebs, Fredi Beleri nga burgu.<\/p>\n<p>N\u00eb protest\u00eb\u00a0u shfaq\u00ebn kryebashkiaku i Athin\u00ebs Kostandinos Bakojanis dhe kryetari i bashkis\u00eb s\u00eb Selanikut, Kostandinos Zervas si dhe kryetar\u00ebt e bashkive Igumenic\u00eb dhe Korfuz. Protesta u organizua nga\u00a0Omonia. Athina zyrtare e ka konsideruar arrestimin e Belerit si me prapavij\u00eb politike, \u00e7ka ka sjell\u00eb replika t\u00eb ashpra nd\u00ebrmjet dy qeverive.<\/p>\n<p>N\u00eb nj\u00eb postim n\u00eb rrjetet sociale p\u00ebr protest\u00ebn, Rama u shpreh se ngjarje t\u00eb tilla mund t\u00eb sjellin pasoja regresive n\u00eb rindezjen e toneve nacionaliste dhe urrejtje nd\u00ebrmjet dy vendeve, duke e konsideruar unikale n\u00eb historin\u00eb e Europ\u00ebs.<\/p>\n<p>Sipas tij, kryebashkiaku i zgjedhuri Himar\u00ebs po p\u00ebrballet akuzat n\u00eb Prokurorin\u00eb e Posa\u00e7me kund\u00ebr Krimit t\u00eb Organizuar dhe Korrupsionit, institucion i cili ka vendosur prapa hekurave shum\u00eb zyrtar\u00eb t\u00eb lart\u00eb socialist.<\/p>\n","protected":false},"excerpt":{"rendered":"<p>N\u00eb nj\u00eb koh\u00eb kur marr\u00ebdh\u00ebniet nd\u00ebrmjet Tiran\u00ebs dhe Athin\u00ebs jan\u00eb tensionuar p\u00ebr shkak t\u00eb arrestimit t\u00eb kryetarit t\u00eb zgjedhur t\u00eb bashkis\u00eb s\u00eb Himar\u00ebs, Fredi Beleri, nj\u00eb tjet\u00ebr q\u00ebndrim vjen nga pala greke. Kryeministri i Greqis\u00eb, Kyriakos Mitsotakis, n\u00eb 21 gusht do t\u00eb mir\u00ebpres\u00eb n\u00eb nj\u00eb dark\u00eb informale lider\u00ebt e rajonit, por nuk ka ftuar kryeministrin &hellip;<\/p>\n","protected":false},"author":4,"featured_media":0,"comment_status":"open","ping_status":"open","sticky":false,"template":"","format":"standard","meta":{"footnotes":""},"categories":[37],"tags":[],"class_list":["post-53962","post","type-post","status-publish","format-standard","","category-politike"],"_links":{"self":[{"href":"https:\/\/rdnews.al\/index.php\/wp-json\/wp\/v2\/posts\/53962","targetHints":{"allow":["GET"]}}],"collection":[{"href":"https:\/\/rdnews.al\/index.php\/wp-json\/wp\/v2\/posts"}],"about":[{"href":"https:\/\/rdnews.al\/index.php\/wp-json\/wp\/v2\/types\/post"}],"author":[{"embeddable":true,"href":"https:\/\/rdnews.al\/index.php\/wp-json\/wp\/v2\/users\/4"}],"replies":[{"embeddable":true,"href":"https:\/\/rdnews.al\/index.php\/wp-json\/wp\/v2\/comments?post=53962"}],"version-history":[{"count":0,"href":"https:\/\/rdnews.al\/index.php\/wp-json\/wp\/v2\/posts\/53962\/revisions"}],"wp:attachment":[{"href":"https:\/\/rdnews.al\/index.php\/wp-json\/wp\/v2\/media?parent=53962"}],"wp:term":[{"taxonomy":"category","embeddable":true,"href":"https:\/\/rdnews.al\/index.php\/wp-json\/wp\/v2\/categories?post=53962"},{"taxonomy":"post_tag","embeddable":true,"href":"https:\/\/rdnews.al\/index.php\/wp-json\/wp\/v2\/tags?post=53962"}],"curies":[{"name":"wp","href":"https:\/\/api.w.org\/{rel}","templated":true}]}}