{"id":54512,"date":"2023-08-24T17:53:22","date_gmt":"2023-08-24T17:53:22","guid":{"rendered":"https:\/\/rdnews.al\/?p=54512"},"modified":"2023-08-24T17:53:22","modified_gmt":"2023-08-24T17:53:22","slug":"berisha-i-arrestuari-per-zjarrvenie-ne-lac-viktime-e-policise","status":"publish","type":"post","link":"https:\/\/rdnews.al\/index.php\/2023\/08\/24\/berisha-i-arrestuari-per-zjarrvenie-ne-lac-viktime-e-policise\/","title":{"rendered":"Berisha: I arrestuari p\u00ebr zjarrv\u00ebnie n\u00eb La\u00e7, viktim\u00eb e policis\u00eb!"},"content":{"rendered":"<p>Kryetari i PD, Sali Berisha ka publikuar mesazhin e nj\u00eb qytetari, i cili shkruan se, zjarri n\u00eb La\u00e7 u vu nga punonj\u00ebsit e bashkis\u00eb dhe i gjithe La\u00e7i e di se i arrestuari ka qen\u00eb duke pir\u00eb kafe n\u00eb qytetin e La\u00e7it, af\u00ebr ambienteve t\u00eb gjykat\u00ebs Kurbin. Berisha shkruan se, i arrestuari p\u00ebr zjarrv\u00ebnie n\u00eb La\u00e7, viktim\u00eb e policis\u00eb!<\/p>\n<p>Postimi i kreut t\u00eb PD, Berisha.<\/p>\n<p>N\u00eb koh\u00ebn kur \u00ebsht\u00eb v\u00ebn\u00eb zjarri nga punonj\u00ebs t\u00eb bashkis\u00eb, ai ndodhej n\u00eb kafene!<\/p>\n<p>Ai \u00ebsht\u00eb i varf\u00ebr, nuk paguan dot avokat!<\/p>\n<p>Lexoni mesazhin dhe shihni fotot e qytetarit dixhital.<\/p>\n<p>&#8211; &#8211; &#8211; &#8211; &#8211; &#8211; &#8211; &#8211; &#8211;<\/p>\n<p>Pershendetje doktor, pash sts per zjarrin ne La\u00e7 ku kane arrestuar me sho\u00eb policor shtetasin Vladimir Hisku. I gjithe La\u00e7i e di se ky shtetas ka qene duke pire kafe ne qytetin e lacit afer ambienteve te gjykates kurbin. Shteti policor i Edi Rames e ka arrestuar dhe po e mban pa asnje prove, madje vellai i te arrestuarit ka dashur qe ti depozitonte provat ne polici dhe policia qe duam jo vetem nuk shkon te marre pamjet te lokali ku po pinin por as nuk pranon qe te marre provat e paraqitura nga vellai i cili gjithashtu po pinte kafe ne kete lokal.<\/p>\n<p>Lokali ka kamera te brendshme dhe te jashtme dhe nga vefikimi i pamjeve filmike rezulton se se zjarri eshte vene ne 15:40 i cili kapet edhe nga kamerat e jashtme te lokalit. Po ne kete orar shihet ky shtetas me miqte e tij brenda ne lokalin ngjitur me ambientet e gjykates kurbin.<\/p>\n<p>Pas ores 16:30, pasi flaket behen intensive ky shtetas largohet pasi i rrezikohej banese.<\/p>\n<p>Nga te gjithe banoret e lacit dihet qe zjarrin nuk e ka vene shtetasi Vladimir Hisku por punonjesit e Bashkise te cilet e kane te perseritur si veprim. Ne rastik konkret eshte shfrytezuar rasti qe ishte dite e marte dhe kishte dyndje emigrantesh per tek Kisha e Lacit, dhe zjarrevenia ka qene e qellimte duke shfrytezuar rremujen. Per kete kane arrestuar shtetasin V. Hisku me qellim krijimin e nje alibie, duke ditur qe eshte nder me te lodhurit ekonomikisht dhe nuk ka mundesi financiare per ta ndjekur ceshtjen me Avokat.<\/p>\n<p><img loading=\"lazy\" decoding=\"async\" class=\"alignnone size-medium wp-image-54514\" src=\"https:\/\/rdnews.al\/wp-content\/uploads\/2023\/08\/2-11-300x188.jpg\" alt=\"\" width=\"300\" height=\"188\" srcset=\"https:\/\/rdnews.al\/wp-content\/uploads\/2023\/08\/2-11-300x188.jpg 300w, https:\/\/rdnews.al\/wp-content\/uploads\/2023\/08\/2-11-1024x640.jpg 1024w, https:\/\/rdnews.al\/wp-content\/uploads\/2023\/08\/2-11-768x480.jpg 768w, https:\/\/rdnews.al\/wp-content\/uploads\/2023\/08\/2-11-1536x960.jpg 1536w, https:\/\/rdnews.al\/wp-content\/uploads\/2023\/08\/2-11.jpg 1600w\" sizes=\"auto, (max-width: 300px) 100vw, 300px\" \/><\/p>\n<p><img loading=\"lazy\" decoding=\"async\" class=\"alignnone size-medium wp-image-54515\" src=\"https:\/\/rdnews.al\/wp-content\/uploads\/2023\/08\/3-6-300x188.jpg\" alt=\"\" width=\"300\" height=\"188\" srcset=\"https:\/\/rdnews.al\/wp-content\/uploads\/2023\/08\/3-6-300x188.jpg 300w, https:\/\/rdnews.al\/wp-content\/uploads\/2023\/08\/3-6-1024x640.jpg 1024w, https:\/\/rdnews.al\/wp-content\/uploads\/2023\/08\/3-6-768x480.jpg 768w, https:\/\/rdnews.al\/wp-content\/uploads\/2023\/08\/3-6-1536x960.jpg 1536w, https:\/\/rdnews.al\/wp-content\/uploads\/2023\/08\/3-6.jpg 1600w\" sizes=\"auto, (max-width: 300px) 100vw, 300px\" \/><\/p>\n","protected":false},"excerpt":{"rendered":"<p>Kryetari i PD, Sali Berisha ka publikuar mesazhin e nj\u00eb qytetari, i cili shkruan se, zjarri n\u00eb La\u00e7 u vu nga punonj\u00ebsit e bashkis\u00eb dhe i gjithe La\u00e7i e di se i arrestuari ka qen\u00eb duke pir\u00eb kafe n\u00eb qytetin e La\u00e7it, af\u00ebr ambienteve t\u00eb gjykat\u00ebs Kurbin. Berisha shkruan se, i arrestuari p\u00ebr zjarrv\u00ebnie n\u00eb &hellip;<\/p>\n","protected":false},"author":4,"featured_media":54513,"comment_status":"open","ping_status":"open","sticky":false,"template":"","format":"standard","meta":{"footnotes":""},"categories":[37],"tags":[],"class_list":["post-54512","post","type-post","status-publish","format-standard","has-post-thumbnail","","category-politike"],"_links":{"self":[{"href":"https:\/\/rdnews.al\/index.php\/wp-json\/wp\/v2\/posts\/54512","targetHints":{"allow":["GET"]}}],"collection":[{"href":"https:\/\/rdnews.al\/index.php\/wp-json\/wp\/v2\/posts"}],"about":[{"href":"https:\/\/rdnews.al\/index.php\/wp-json\/wp\/v2\/types\/post"}],"author":[{"embeddable":true,"href":"https:\/\/rdnews.al\/index.php\/wp-json\/wp\/v2\/users\/4"}],"replies":[{"embeddable":true,"href":"https:\/\/rdnews.al\/index.php\/wp-json\/wp\/v2\/comments?post=54512"}],"version-history":[{"count":0,"href":"https:\/\/rdnews.al\/index.php\/wp-json\/wp\/v2\/posts\/54512\/revisions"}],"wp:featuredmedia":[{"embeddable":true,"href":"https:\/\/rdnews.al\/index.php\/wp-json\/wp\/v2\/media\/54513"}],"wp:attachment":[{"href":"https:\/\/rdnews.al\/index.php\/wp-json\/wp\/v2\/media?parent=54512"}],"wp:term":[{"taxonomy":"category","embeddable":true,"href":"https:\/\/rdnews.al\/index.php\/wp-json\/wp\/v2\/categories?post=54512"},{"taxonomy":"post_tag","embeddable":true,"href":"https:\/\/rdnews.al\/index.php\/wp-json\/wp\/v2\/tags?post=54512"}],"curies":[{"name":"wp","href":"https:\/\/api.w.org\/{rel}","templated":true}]}}