{"id":54580,"date":"2023-08-25T10:50:03","date_gmt":"2023-08-25T10:50:03","guid":{"rendered":"https:\/\/rdnews.al\/?p=54580"},"modified":"2023-08-25T10:52:24","modified_gmt":"2023-08-25T10:52:24","slug":"berisha-shikoni-cfare-po-ndodh-me-kadastren-asnje-qytetar-nuk-e-ka-pronen-e-sigurt","status":"publish","type":"post","link":"https:\/\/rdnews.al\/index.php\/2023\/08\/25\/berisha-shikoni-cfare-po-ndodh-me-kadastren-asnje-qytetar-nuk-e-ka-pronen-e-sigurt\/","title":{"rendered":"Skandali me Kadastr\u00ebn, reagon Berisha: Asnj\u00eb qytetar nuk e ka pron\u00ebn e sigurt!"},"content":{"rendered":"<p>Kryetari i PD, Sali Berisha tha se, Ervin Mu\u00e7o ka nd\u00ebrhyr\u00eb edhe n\u00eb kadast\u00ebr, asnj\u00eb qytetar nuk e ka pron\u00ebn e tij t\u00eb sigurt.<br \/>\n\u201cShikoni se \u00e7far\u00eb ndodh me kadastr\u00ebn e tyre? Asnj\u00eb qytetar nuk e ka pron\u00ebn m\u00eb t\u00eb sigurt m\u00eb. Me nd\u00ebrhyrjet e Ervin Mu\u00e7\u00ebs n\u00eb kadast\u00ebr.<br \/>\nKadastra e Shqip\u00ebris\u00eb \u00ebsht\u00eb n\u00eb duart e klaneve t\u00eb drog\u00ebs.<br \/>\n\u00cbsht\u00eb e tmerrshme, operacionet q\u00eb ka udh\u00ebhequr Ervin Mu\u00e7o, t\u00eb cilat nj\u00ebsoj si me TIMS-in, duart e zeza t\u00eb mafies mund t\u00eb krijojn\u00eb \u00e7do lloj ndryshimi n\u00eb kadast\u00ebr.<br \/>\nNuk ka shqiptar t\u00eb ndersh\u00ebm q\u00eb e ka pron\u00ebn t\u00eb sigurt me k\u00ebto operacione kriminale q\u00eb jan\u00eb kryer n\u00eb kadastr\u00ebn e vendit.<br \/>\nZgjidhja \u00ebsht\u00eb vet\u00ebm protesta e fuqishme popullore. Natyrisht, ndihma e partner\u00ebve tan\u00eb \u00ebsht\u00eb e nj\u00eb r\u00ebnd\u00ebsie t\u00eb jasht\u00ebzakonshme\u201d, tha Berisha.<\/p>\n","protected":false},"excerpt":{"rendered":"<p>Kryetari i PD, Sali Berisha tha se, Ervin Mu\u00e7o ka nd\u00ebrhyr\u00eb edhe n\u00eb kadast\u00ebr, asnj\u00eb qytetar nuk e ka pron\u00ebn e tij t\u00eb sigurt. \u201cShikoni se \u00e7far\u00eb ndodh me kadastr\u00ebn e tyre? Asnj\u00eb qytetar nuk e ka pron\u00ebn m\u00eb t\u00eb sigurt m\u00eb. Me nd\u00ebrhyrjet e Ervin Mu\u00e7\u00ebs n\u00eb kadast\u00ebr. Kadastra e Shqip\u00ebris\u00eb \u00ebsht\u00eb n\u00eb duart &hellip;<\/p>\n","protected":false},"author":4,"featured_media":54581,"comment_status":"open","ping_status":"open","sticky":false,"template":"","format":"standard","meta":{"footnotes":""},"categories":[37],"tags":[],"class_list":["post-54580","post","type-post","status-publish","format-standard","has-post-thumbnail","","category-politike"],"_links":{"self":[{"href":"https:\/\/rdnews.al\/index.php\/wp-json\/wp\/v2\/posts\/54580","targetHints":{"allow":["GET"]}}],"collection":[{"href":"https:\/\/rdnews.al\/index.php\/wp-json\/wp\/v2\/posts"}],"about":[{"href":"https:\/\/rdnews.al\/index.php\/wp-json\/wp\/v2\/types\/post"}],"author":[{"embeddable":true,"href":"https:\/\/rdnews.al\/index.php\/wp-json\/wp\/v2\/users\/4"}],"replies":[{"embeddable":true,"href":"https:\/\/rdnews.al\/index.php\/wp-json\/wp\/v2\/comments?post=54580"}],"version-history":[{"count":0,"href":"https:\/\/rdnews.al\/index.php\/wp-json\/wp\/v2\/posts\/54580\/revisions"}],"wp:featuredmedia":[{"embeddable":true,"href":"https:\/\/rdnews.al\/index.php\/wp-json\/wp\/v2\/media\/54581"}],"wp:attachment":[{"href":"https:\/\/rdnews.al\/index.php\/wp-json\/wp\/v2\/media?parent=54580"}],"wp:term":[{"taxonomy":"category","embeddable":true,"href":"https:\/\/rdnews.al\/index.php\/wp-json\/wp\/v2\/categories?post=54580"},{"taxonomy":"post_tag","embeddable":true,"href":"https:\/\/rdnews.al\/index.php\/wp-json\/wp\/v2\/tags?post=54580"}],"curies":[{"name":"wp","href":"https:\/\/api.w.org\/{rel}","templated":true}]}}