{"id":5461,"date":"2022-02-24T13:32:29","date_gmt":"2022-02-24T13:32:29","guid":{"rendered":"https:\/\/rdnews.al\/?p=5461"},"modified":"2022-02-24T13:32:29","modified_gmt":"2022-02-24T13:32:29","slug":"uefa-i-heq-rusise-organizimin-e-finales-se-champions","status":"publish","type":"post","link":"https:\/\/rdnews.al\/index.php\/2022\/02\/24\/uefa-i-heq-rusise-organizimin-e-finales-se-champions\/","title":{"rendered":"UEFA i heq Rusis\u00eb organizimin e finales s\u00eb Champions"},"content":{"rendered":"<p>Finalja e Lig\u00ebs s\u00eb Kampion\u00ebve k\u00ebt\u00eb sezon nuk do t\u00eb mbahet n\u00eb Rusi. N\u00eb fakt, ndeshja m\u00eb e madhe e vitit p\u00ebr klube \u00ebsht\u00eb parapar\u00eb t\u00eb zhvillohet n\u00eb St. Petersburg.<\/p>\n<p>Por, pas sulmit ushtarak t\u00eb sot\u00ebm t\u00eb Rusis\u00eb n\u00eb Ukrain\u00eb, gjith\u00e7ka do t\u00eb ndryshoj\u00eb sa i p\u00ebrket finales s\u00eb Championsit.<\/p>\n<p>UEFA e ka thirr p\u00ebr nes\u00ebr nj\u00eb mbledhje t\u00eb jasht\u00ebzakonshme t\u00eb Komitetit Ekzekutiv dhe ajo do t\u00eb mbahet n\u00eb Nyon t\u00eb Zvicr\u00ebs, duke filluar nga ora 10:00.<\/p>\n<p>Ende nuk dihet se ku do t\u00eb zhvendoset finalja e Lig\u00ebs s\u00eb Kampion\u00ebve. N\u00eb k\u00ebt\u00eb takim pritet t\u00eb merren edhe vendime t\u00eb tjera pas situat\u00ebs s\u00eb r\u00ebnd\u00eb t\u00eb krijuar n\u00eb Ukrain\u00eb.<\/p>\n","protected":false},"excerpt":{"rendered":"<p>Finalja e Lig\u00ebs s\u00eb Kampion\u00ebve k\u00ebt\u00eb sezon nuk do t\u00eb mbahet n\u00eb Rusi. N\u00eb fakt, ndeshja m\u00eb e madhe e vitit p\u00ebr klube \u00ebsht\u00eb parapar\u00eb t\u00eb zhvillohet n\u00eb St. Petersburg. Por, pas sulmit ushtarak t\u00eb sot\u00ebm t\u00eb Rusis\u00eb n\u00eb Ukrain\u00eb, gjith\u00e7ka do t\u00eb ndryshoj\u00eb sa i p\u00ebrket finales s\u00eb Championsit. UEFA e ka thirr p\u00ebr &hellip;<\/p>\n","protected":false},"author":4,"featured_media":5462,"comment_status":"open","ping_status":"open","sticky":false,"template":"","format":"standard","meta":{"footnotes":""},"categories":[39],"tags":[],"class_list":["post-5461","post","type-post","status-publish","format-standard","has-post-thumbnail","","category-sport"],"_links":{"self":[{"href":"https:\/\/rdnews.al\/index.php\/wp-json\/wp\/v2\/posts\/5461","targetHints":{"allow":["GET"]}}],"collection":[{"href":"https:\/\/rdnews.al\/index.php\/wp-json\/wp\/v2\/posts"}],"about":[{"href":"https:\/\/rdnews.al\/index.php\/wp-json\/wp\/v2\/types\/post"}],"author":[{"embeddable":true,"href":"https:\/\/rdnews.al\/index.php\/wp-json\/wp\/v2\/users\/4"}],"replies":[{"embeddable":true,"href":"https:\/\/rdnews.al\/index.php\/wp-json\/wp\/v2\/comments?post=5461"}],"version-history":[{"count":0,"href":"https:\/\/rdnews.al\/index.php\/wp-json\/wp\/v2\/posts\/5461\/revisions"}],"wp:featuredmedia":[{"embeddable":true,"href":"https:\/\/rdnews.al\/index.php\/wp-json\/wp\/v2\/media\/5462"}],"wp:attachment":[{"href":"https:\/\/rdnews.al\/index.php\/wp-json\/wp\/v2\/media?parent=5461"}],"wp:term":[{"taxonomy":"category","embeddable":true,"href":"https:\/\/rdnews.al\/index.php\/wp-json\/wp\/v2\/categories?post=5461"},{"taxonomy":"post_tag","embeddable":true,"href":"https:\/\/rdnews.al\/index.php\/wp-json\/wp\/v2\/tags?post=5461"}],"curies":[{"name":"wp","href":"https:\/\/api.w.org\/{rel}","templated":true}]}}