{"id":5464,"date":"2022-02-24T13:41:18","date_gmt":"2022-02-24T13:41:18","guid":{"rendered":"https:\/\/rdnews.al\/?p=5464"},"modified":"2022-02-24T13:41:18","modified_gmt":"2022-02-24T13:41:18","slug":"vendet-baltike-dhe-polonia-te-rrezikuara-nga-rusia-aktivizohet-neni-4-i-nato-s","status":"publish","type":"post","link":"https:\/\/rdnews.al\/index.php\/2022\/02\/24\/vendet-baltike-dhe-polonia-te-rrezikuara-nga-rusia-aktivizohet-neni-4-i-nato-s\/","title":{"rendered":"Vendet Baltike dhe Polonia, t\u00eb rrezikuara nga Rusia, aktivizohet neni 4 i NATO-s"},"content":{"rendered":"<p>An\u00ebtar\u00ebt e NATO-s, Polonia, Estonia, Letonia dhe Lituania kan\u00eb njoftuar t\u00eb enjten se do t\u00eb aktivizojn\u00eb nenin 4 t\u00eb Organizat\u00ebs s\u00eb Traktatit t\u00eb Atlantikut t\u00eb Veriut. Kjo do t\u00eb thot\u00eb se NATO do t\u00eb nis\u00eb zyrtarisht negociatat p\u00ebr aksionin ushtarak t\u00eb Rusis\u00eb kund\u00ebr Ukrain\u00ebs.<\/p>\n<p>Rusia sumoi Ukrain\u00ebn her\u00ebt n\u00eb m\u00ebngjesin e s\u00eb enjtes. Sipas raportimeve t\u00eb mediave, operacionet ushtarake jan\u00eb sh\u00ebnjestruar n\u00eb t\u00eb gjith\u00eb Ukrain\u00ebn.<\/p>\n<p>Sipas faqes s\u00eb internetit t\u00eb NATO-s, neni 4 thot\u00eb si m\u00eb posht\u00eb:<\/p>\n<p>\u2013 Shtetet An\u00ebtare konsultohen s\u00eb bashku kur ndonj\u00ebri prej tyre mendon se integriteti territorial, pavar\u00ebsia politike ose siguria e nj\u00eb Shteti An\u00ebtar \u00ebsht\u00eb n\u00eb rrezik.<\/p>\n<p>Neni 4 \u00ebsht\u00eb aktivizuar rrall\u00eb n\u00eb historin\u00eb e aleanc\u00ebs ushtarake t\u00eb krijuar n\u00eb 1949.<\/p>\n<p>Sipas CNN, neni 4 \u00ebsht\u00eb negociuar n\u00eb NATO n\u00eb gjasht\u00eb raste t\u00eb m\u00ebparshme, m\u00eb e fundit nga Turqia n\u00eb vitin 2020. N\u00eb at\u00eb koh\u00eb, nj\u00eb sulm nga forcat qeveritare siriane vrau nj\u00eb num\u00ebr t\u00eb madh ushtar\u00ebsh turq n\u00eb Sirin\u00eb veriore.<\/p>\n<p>CNN v\u00ebren se neni 4 \u00ebsht\u00eb nj\u00eb entitet i ve\u00e7ant\u00eb nga neni 5. Neni 5 thot\u00eb se nj\u00eb sulm ndaj nj\u00eb an\u00ebtari t\u00eb NATO-s konsiderohet si nj\u00eb sulm ndaj t\u00eb gjith\u00eb an\u00ebtar\u00ebve.<\/p>\n","protected":false},"excerpt":{"rendered":"<p>An\u00ebtar\u00ebt e NATO-s, Polonia, Estonia, Letonia dhe Lituania kan\u00eb njoftuar t\u00eb enjten se do t\u00eb aktivizojn\u00eb nenin 4 t\u00eb Organizat\u00ebs s\u00eb Traktatit t\u00eb Atlantikut t\u00eb Veriut. Kjo do t\u00eb thot\u00eb se NATO do t\u00eb nis\u00eb zyrtarisht negociatat p\u00ebr aksionin ushtarak t\u00eb Rusis\u00eb kund\u00ebr Ukrain\u00ebs. Rusia sumoi Ukrain\u00ebn her\u00ebt n\u00eb m\u00ebngjesin e s\u00eb enjtes. Sipas raportimeve &hellip;<\/p>\n","protected":false},"author":5,"featured_media":5465,"comment_status":"open","ping_status":"open","sticky":false,"template":"","format":"standard","meta":{"footnotes":""},"categories":[38],"tags":[],"class_list":["post-5464","post","type-post","status-publish","format-standard","has-post-thumbnail","","category-bota"],"_links":{"self":[{"href":"https:\/\/rdnews.al\/index.php\/wp-json\/wp\/v2\/posts\/5464","targetHints":{"allow":["GET"]}}],"collection":[{"href":"https:\/\/rdnews.al\/index.php\/wp-json\/wp\/v2\/posts"}],"about":[{"href":"https:\/\/rdnews.al\/index.php\/wp-json\/wp\/v2\/types\/post"}],"author":[{"embeddable":true,"href":"https:\/\/rdnews.al\/index.php\/wp-json\/wp\/v2\/users\/5"}],"replies":[{"embeddable":true,"href":"https:\/\/rdnews.al\/index.php\/wp-json\/wp\/v2\/comments?post=5464"}],"version-history":[{"count":0,"href":"https:\/\/rdnews.al\/index.php\/wp-json\/wp\/v2\/posts\/5464\/revisions"}],"wp:featuredmedia":[{"embeddable":true,"href":"https:\/\/rdnews.al\/index.php\/wp-json\/wp\/v2\/media\/5465"}],"wp:attachment":[{"href":"https:\/\/rdnews.al\/index.php\/wp-json\/wp\/v2\/media?parent=5464"}],"wp:term":[{"taxonomy":"category","embeddable":true,"href":"https:\/\/rdnews.al\/index.php\/wp-json\/wp\/v2\/categories?post=5464"},{"taxonomy":"post_tag","embeddable":true,"href":"https:\/\/rdnews.al\/index.php\/wp-json\/wp\/v2\/tags?post=5464"}],"curies":[{"name":"wp","href":"https:\/\/api.w.org\/{rel}","templated":true}]}}