{"id":54798,"date":"2023-08-29T16:04:54","date_gmt":"2023-08-29T16:04:54","guid":{"rendered":"https:\/\/rdnews.al\/?p=54798"},"modified":"2023-08-29T16:05:25","modified_gmt":"2023-08-29T16:05:25","slug":"inceneratori-i-tiranes-kellici-laku-po-shtrengohet-veliaj-nuk-ka-shpetim","status":"publish","type":"post","link":"https:\/\/rdnews.al\/index.php\/2023\/08\/29\/inceneratori-i-tiranes-kellici-laku-po-shtrengohet-veliaj-nuk-ka-shpetim\/","title":{"rendered":"Inceneratori i Tiran\u00ebs\/ K\u00eblli\u00e7i: Laku po shtr\u00ebngohet, Veliaj nuk ka shp\u00ebtim!"},"content":{"rendered":"<p><strong>Nga Belind K<\/strong><strong>\u00cb<\/strong><strong>LLI\u00c7I<\/strong><\/p>\n<p>Laku po shtr\u00ebngohet! Nga burime t\u00eb sigurta, sot jan\u00eb flakur nj\u00eb s\u00ebr\u00eb drejtuesish t\u00eb Bashkis\u00eb Tiran\u00eb dhe nd\u00ebrkoh\u00eb po p\u00ebrgatitet fshesa e rradh\u00ebs. Sado q\u00eb banditi n\u00eb krye t\u00eb Bashkis\u00eb Tiran\u00eb tenton t\u00eb shes\u00eb bashk\u00ebpun\u00ebtor\u00ebt e tij me t\u00eb cil\u00ebt ka vjedhur k\u00ebto 8 vite qytetar\u00ebt e Tiran\u00ebs, ai nuk ka shp\u00ebtim.<\/p>\n<p>Zbardhja der n\u00eb fund e afer\u00ebs s\u00eb Inceneratorit fantaz\u00ebm t\u00eb Tiran\u00ebs, do t\u00eb jet\u00eb p\u00ebrgjigja m\u00eb e mir\u00eb p\u00ebr Erion Veliajn. Firma e tij e hedhur pa asnj\u00eb vendim t\u00eb K\u00ebshillit Bashkiak, e cila nd\u00ebrroi fatin e koncensionit 30 vje\u00e7ar n\u00eb landfillin e Sharr\u00ebs dhe firma e tij n\u00eb aneks kontrat\u00ebn e cila i hapi rrug\u00ebn nisjes s\u00eb pagesave, jan\u00eb fakte t\u00eb pamohueshme nga asnj\u00eb prokuror.<\/p>\n<p>SPAK duhet ti shkoj\u00eb der n\u00eb fund vjedhjes s\u00eb shekullit.<\/p>\n<p><img loading=\"lazy\" decoding=\"async\" class=\"alignnone size-medium wp-image-54800\" src=\"https:\/\/rdnews.al\/wp-content\/uploads\/2023\/08\/1-21-225x300.jpg\" alt=\"\" width=\"225\" height=\"300\" srcset=\"https:\/\/rdnews.al\/wp-content\/uploads\/2023\/08\/1-21-225x300.jpg 225w, https:\/\/rdnews.al\/wp-content\/uploads\/2023\/08\/1-21-767x1024.jpg 767w, https:\/\/rdnews.al\/wp-content\/uploads\/2023\/08\/1-21-768x1026.jpg 768w, https:\/\/rdnews.al\/wp-content\/uploads\/2023\/08\/1-21.jpg 900w\" sizes=\"auto, (max-width: 225px) 100vw, 225px\" \/><\/p>\n","protected":false},"excerpt":{"rendered":"<p>Nga Belind K\u00cbLLI\u00c7I Laku po shtr\u00ebngohet! Nga burime t\u00eb sigurta, sot jan\u00eb flakur nj\u00eb s\u00ebr\u00eb drejtuesish t\u00eb Bashkis\u00eb Tiran\u00eb dhe nd\u00ebrkoh\u00eb po p\u00ebrgatitet fshesa e rradh\u00ebs. Sado q\u00eb banditi n\u00eb krye t\u00eb Bashkis\u00eb Tiran\u00eb tenton t\u00eb shes\u00eb bashk\u00ebpun\u00ebtor\u00ebt e tij me t\u00eb cil\u00ebt ka vjedhur k\u00ebto 8 vite qytetar\u00ebt e Tiran\u00ebs, ai nuk ka shp\u00ebtim. &hellip;<\/p>\n","protected":false},"author":4,"featured_media":52742,"comment_status":"open","ping_status":"open","sticky":false,"template":"","format":"standard","meta":{"footnotes":""},"categories":[37],"tags":[],"class_list":["post-54798","post","type-post","status-publish","format-standard","has-post-thumbnail","","category-politike"],"_links":{"self":[{"href":"https:\/\/rdnews.al\/index.php\/wp-json\/wp\/v2\/posts\/54798","targetHints":{"allow":["GET"]}}],"collection":[{"href":"https:\/\/rdnews.al\/index.php\/wp-json\/wp\/v2\/posts"}],"about":[{"href":"https:\/\/rdnews.al\/index.php\/wp-json\/wp\/v2\/types\/post"}],"author":[{"embeddable":true,"href":"https:\/\/rdnews.al\/index.php\/wp-json\/wp\/v2\/users\/4"}],"replies":[{"embeddable":true,"href":"https:\/\/rdnews.al\/index.php\/wp-json\/wp\/v2\/comments?post=54798"}],"version-history":[{"count":0,"href":"https:\/\/rdnews.al\/index.php\/wp-json\/wp\/v2\/posts\/54798\/revisions"}],"wp:featuredmedia":[{"embeddable":true,"href":"https:\/\/rdnews.al\/index.php\/wp-json\/wp\/v2\/media\/52742"}],"wp:attachment":[{"href":"https:\/\/rdnews.al\/index.php\/wp-json\/wp\/v2\/media?parent=54798"}],"wp:term":[{"taxonomy":"category","embeddable":true,"href":"https:\/\/rdnews.al\/index.php\/wp-json\/wp\/v2\/categories?post=54798"},{"taxonomy":"post_tag","embeddable":true,"href":"https:\/\/rdnews.al\/index.php\/wp-json\/wp\/v2\/tags?post=54798"}],"curies":[{"name":"wp","href":"https:\/\/api.w.org\/{rel}","templated":true}]}}