{"id":5482,"date":"2022-02-24T20:00:33","date_gmt":"2022-02-24T20:00:33","guid":{"rendered":"https:\/\/rdnews.al\/?p=5482"},"modified":"2022-02-24T20:01:26","modified_gmt":"2022-02-24T20:01:26","slug":"bano-vijon-takimet-me-qytetaret-te-gjithe-duan-ndryshimin-e-jeteses-ndryshimin-e-lushnjes","status":"publish","type":"post","link":"https:\/\/rdnews.al\/index.php\/2022\/02\/24\/bano-vijon-takimet-me-qytetaret-te-gjithe-duan-ndryshimin-e-jeteses-ndryshimin-e-lushnjes\/","title":{"rendered":"Bano vijon takimet me qytetar\u00ebt: T\u00eb gjith\u00eb duan ndryshimin e jetes\u00ebs, ndryshimin e Lushnjes"},"content":{"rendered":"<p>Kandidati i koalicionit \u201cSht\u00ebpia e Liris\u00eb\u201d p\u00ebr Bashkin\u00eb e Lushnjes, Elton Bano \u00ebsht\u00eb takuar sot m\u00eb qytetar\u00ebt n\u00eb lagjen \u201cSk\u00ebnder Libohova\u201d. Bano tha se T\u00eb gjith\u00eb lushnjar\u00ebt duan ndryshimin e jetes\u00ebs s\u00eb tyre, ndryshimin e Lushnjes.<\/p>\n<p>\u201cQytetar\u00ebt shpreh\u00ebn se ndihen t\u00eb zhg\u00ebnjyer dhe t\u00eb l\u00ebn\u00eb n\u00eb harres\u00eb duke listuar problematikat t\u00eb cilat qytetar\u00ebt dhe f\u00ebmij\u00ebt e tyre bashk\u00ebjetojn\u00eb \u00e7do dit\u00eb.<\/p>\n<p>Disa nga shqet\u00ebsimet kryesore jan\u00eb kushtet e pafavorshme t\u00eb f\u00ebmijeve n\u00eb shkolla si mungesa e sistemit t\u00eb ngrohjes dhe kufizimi n\u00eb ambjente si ato shlodh\u00ebse, apo k\u00ebrkimore si biblioteka dhe klasa studimi. Ndri\u00e7imi nj\u00eb lagj\u00eb \u00ebsht\u00eb gjithashtu nj\u00eb shqet\u00ebsim p\u00ebr banuesit dhe jo vet\u00ebm, t\u00eb gjith\u00eb qytetar\u00ebt.<\/p>\n<p>\u00cbsht\u00eb d\u00ebshira e t\u00eb gjith\u00eb lushnjar\u00ebve t\u00eb cil\u00ebt duan ndryshimin e ekonomis\u00eb, jetes\u00ebs s\u00eb tyre, ndryshimin e Lushnjes\u201d, u shpreh Bano.<\/p>\n<p><img loading=\"lazy\" decoding=\"async\" class=\"alignnone wp-image-5484\" src=\"https:\/\/rdnews.al\/wp-content\/uploads\/2022\/02\/2-49-300x300.jpg\" alt=\"\" width=\"428\" height=\"428\" srcset=\"https:\/\/rdnews.al\/wp-content\/uploads\/2022\/02\/2-49-300x300.jpg 300w, https:\/\/rdnews.al\/wp-content\/uploads\/2022\/02\/2-49-150x150.jpg 150w, https:\/\/rdnews.al\/wp-content\/uploads\/2022\/02\/2-49-768x768.jpg 768w, https:\/\/rdnews.al\/wp-content\/uploads\/2022\/02\/2-49.jpg 960w\" sizes=\"auto, (max-width: 428px) 100vw, 428px\" \/><\/p>\n","protected":false},"excerpt":{"rendered":"<p>Kandidati i koalicionit \u201cSht\u00ebpia e Liris\u00eb\u201d p\u00ebr Bashkin\u00eb e Lushnjes, Elton Bano \u00ebsht\u00eb takuar sot m\u00eb qytetar\u00ebt n\u00eb lagjen \u201cSk\u00ebnder Libohova\u201d. Bano tha se T\u00eb gjith\u00eb lushnjar\u00ebt duan ndryshimin e jetes\u00ebs s\u00eb tyre, ndryshimin e Lushnjes. \u201cQytetar\u00ebt shpreh\u00ebn se ndihen t\u00eb zhg\u00ebnjyer dhe t\u00eb l\u00ebn\u00eb n\u00eb harres\u00eb duke listuar problematikat t\u00eb cilat qytetar\u00ebt dhe f\u00ebmij\u00ebt &hellip;<\/p>\n","protected":false},"author":4,"featured_media":5483,"comment_status":"open","ping_status":"open","sticky":false,"template":"","format":"standard","meta":{"footnotes":""},"categories":[40],"tags":[],"class_list":["post-5482","post","type-post","status-publish","format-standard","has-post-thumbnail","","category-aktualitet"],"_links":{"self":[{"href":"https:\/\/rdnews.al\/index.php\/wp-json\/wp\/v2\/posts\/5482","targetHints":{"allow":["GET"]}}],"collection":[{"href":"https:\/\/rdnews.al\/index.php\/wp-json\/wp\/v2\/posts"}],"about":[{"href":"https:\/\/rdnews.al\/index.php\/wp-json\/wp\/v2\/types\/post"}],"author":[{"embeddable":true,"href":"https:\/\/rdnews.al\/index.php\/wp-json\/wp\/v2\/users\/4"}],"replies":[{"embeddable":true,"href":"https:\/\/rdnews.al\/index.php\/wp-json\/wp\/v2\/comments?post=5482"}],"version-history":[{"count":0,"href":"https:\/\/rdnews.al\/index.php\/wp-json\/wp\/v2\/posts\/5482\/revisions"}],"wp:featuredmedia":[{"embeddable":true,"href":"https:\/\/rdnews.al\/index.php\/wp-json\/wp\/v2\/media\/5483"}],"wp:attachment":[{"href":"https:\/\/rdnews.al\/index.php\/wp-json\/wp\/v2\/media?parent=5482"}],"wp:term":[{"taxonomy":"category","embeddable":true,"href":"https:\/\/rdnews.al\/index.php\/wp-json\/wp\/v2\/categories?post=5482"},{"taxonomy":"post_tag","embeddable":true,"href":"https:\/\/rdnews.al\/index.php\/wp-json\/wp\/v2\/tags?post=5482"}],"curies":[{"name":"wp","href":"https:\/\/api.w.org\/{rel}","templated":true}]}}