{"id":54853,"date":"2023-08-30T10:23:16","date_gmt":"2023-08-30T10:23:16","guid":{"rendered":"https:\/\/rdnews.al\/?p=54853"},"modified":"2023-08-30T10:23:16","modified_gmt":"2023-08-30T10:23:16","slug":"berisha-edi-rama-provoi-dje-se-ai-me-beqajn-jane-pronaret-reale-te-vjedhjes-se-dyte-te-shekullit","status":"publish","type":"post","link":"https:\/\/rdnews.al\/index.php\/2023\/08\/30\/berisha-edi-rama-provoi-dje-se-ai-me-beqajn-jane-pronaret-reale-te-vjedhjes-se-dyte-te-shekullit\/","title":{"rendered":"Berisha: Edi Rama provoi dje se ai me Beqajn jan\u00eb pronar\u00ebt real\u00eb t\u00eb vjedhjes s\u00eb dyt\u00eb t\u00eb shekullit"},"content":{"rendered":"<p>Kryetari i PD, Sali Berisha tha n\u00eb nj\u00eb konfer\u00ebnc\u00eb shtypi se, Rama faktoi dje se sterilizimi \u00ebsht\u00eb biznesi i tij dhe Beq\u00ebs, pasi mbrojti afer\u00ebn korruptive. Ai tha se, Edi Rama provoi dje se ai me Beqjen e tij jan\u00eb pronar\u00ebt real\u00eb t\u00eb vjedhjes s\u00eb dyt\u00eb t\u00eb shekullit.<br \/>\n\u201cEdi Rama sapo zbriti dje nga autobusi i BE-s\u00eb apo aeroplani rus, nuk u mor vesh se cilin preferonte, faktoi n\u00eb m\u00ebnyr\u00eb p\u00ebrfundimtare se ai dhe Beqja i tij jan\u00eb pronar\u00ebt real\u00eb, t\u00eb vjedhjes s\u00eb dyt\u00eb shekullit, apo inceneratorit t\u00eb sh\u00ebndet\u00ebsis\u00eb, kurse Rrapaj dhe st\u00ebrrapaj jan\u00eb thjesht\u00eb pronar\u00ebt n\u00eb let\u00ebr, apo Zotot dhe M\u00ebrtir\u00ebt e afer\u00ebs.<br \/>\nEdi Rama provoi dje se ai me Beqjen e tij jan\u00eb pronar\u00ebt real\u00eb t\u00eb vjedhjes s\u00eb dyt\u00eb t\u00eb shekullit, sepse ai pas amnistimit t\u00eb Beqjes nga skapi i partis\u00eb, n\u00eb nj\u00eb akt t\u00eb past\u00ebr kriminal, rendi dje t\u00eb mbroj\u00eb me inskenime dhe d\u00ebshmitar\u00eb t\u00eb rrem\u00eb, dhe statistika false, vepr\u00ebn e tij t\u00eb r\u00ebnd\u00eb penale, sterilizimin q\u00eb ju ka kushtuar shqiptar\u00ebve gjer sot 79 mln euro dhe q\u00eb ka rritur me 80 her\u00eb \u00e7mimin e sterilizimit p\u00ebr nj\u00ebsi n\u00eb vend dhe e ka b\u00ebr\u00eb k\u00ebt\u00eb proces 4 her\u00eb m\u00eb t\u00eb kushtuesh\u00ebm se sa n\u00eb Gjermani.<br \/>\nEdi Rama doli dje si krimineli q\u00eb kthehet n\u00eb vendin e krimit, duke faktuar se sterilizimi \u00ebsht\u00eb biznesi i tij dhe Beqjat sepse ai dje mbrojti afer\u00ebn e tmerrshme korruptive p\u00ebr t\u00eb cil\u00ebn, p\u00ebr shkak t\u00eb kostos stratosferike u privuan nga nd\u00ebrhyrjet kirurgjikale t\u00eb domosdoshme, \u00e7do muaj, 1 mij\u00eb t\u00eb s\u00ebmur\u00eb dhe ky privim me qindra, mos mij\u00ebra raste pati pasoja fatale p\u00ebr t\u00eb s\u00ebmur\u00ebt.<br \/>\nEdi Rama d\u00ebshmoi dje se sterilizimi \u00ebsht\u00eb vjedhja e dyt\u00eb e tij e shekullit dhe \u00ebsht\u00eb biznes i tij dhe Beqjes, kurse muratori i tyre Rrapaj me investalin e tij me kapital 1 mij\u00eb euro \u00ebsht\u00eb thjesht\u00eb Zoto i radh\u00ebs.<br \/>\nEdi Rama mori dje publikisht nj\u00eb akt flagrant t\u00eb hapur presioni ndaj gjykat\u00ebs, e cila me shum\u00eb t\u00eb drejt\u00eb pasi ka njohur dosjen ka k\u00ebrkuar anulimin e kontrat\u00ebs si akt fund e krye korruptiv, si vep\u00ebr e mir\u00ebfillt\u00eb penale.<br \/>\nEdi Rama dje me sulmin ndaj gjykat\u00ebs kishte si mesazh t\u00eb prer\u00eb; mjer\u00eb ai q\u00eb guxon t\u00eb prek\u00eb pron\u00ebn time, p\u00ebr t\u00eb cil\u00ebn ai vet\u00eb \u00ebsht\u00eb i aft\u00eb t\u00eb b\u00ebj\u00eb \u00e7do gj\u00eb q\u00eb ta amnistoj\u00eb, si\u00e7 amnistoi ortakun e tij Ilir Beqja.<br \/>\nEdi Rama d\u00ebshmoi dje se n\u00eb mbrojtje t\u00eb biznesit t\u00eb tij, nuk njeh ligj, kushtetut\u00eb, as edhe institucione kushtetuese t\u00eb vendit si\u00e7 \u00ebsht\u00eb Kontrolli i Lart\u00eb i Shtetit, institucion q\u00eb ka denoncuar 2 vite m\u00eb par\u00eb kontrat\u00ebn si korruptive dhe ka k\u00ebrkuar rinegocimin e plot\u00eb t\u00eb saj.<br \/>\nEdi Rama dje hoqi \u00e7do mask\u00eb dhe me d\u00ebshmitar\u00eb dhe shifra t\u00eb rreme mbrojti kontrat\u00ebn q\u00eb n\u00eb themelin e saj bazohet n\u00eb konfliktin e interesit dhe mashtrimin me pasoja gjer sot 79 mln euro nga ai dhe Beqja i tij, t\u00eb s\u00ebmur\u00ebve shqiptar\u00eb\u201d, u shpreh Berisha.<\/p>\n","protected":false},"excerpt":{"rendered":"<p>Kryetari i PD, Sali Berisha tha n\u00eb nj\u00eb konfer\u00ebnc\u00eb shtypi se, Rama faktoi dje se sterilizimi \u00ebsht\u00eb biznesi i tij dhe Beq\u00ebs, pasi mbrojti afer\u00ebn korruptive. Ai tha se, Edi Rama provoi dje se ai me Beqjen e tij jan\u00eb pronar\u00ebt real\u00eb t\u00eb vjedhjes s\u00eb dyt\u00eb t\u00eb shekullit. \u201cEdi Rama sapo zbriti dje nga autobusi &hellip;<\/p>\n","protected":false},"author":4,"featured_media":0,"comment_status":"open","ping_status":"open","sticky":false,"template":"","format":"standard","meta":{"footnotes":""},"categories":[37],"tags":[],"class_list":["post-54853","post","type-post","status-publish","format-standard","","category-politike"],"_links":{"self":[{"href":"https:\/\/rdnews.al\/index.php\/wp-json\/wp\/v2\/posts\/54853","targetHints":{"allow":["GET"]}}],"collection":[{"href":"https:\/\/rdnews.al\/index.php\/wp-json\/wp\/v2\/posts"}],"about":[{"href":"https:\/\/rdnews.al\/index.php\/wp-json\/wp\/v2\/types\/post"}],"author":[{"embeddable":true,"href":"https:\/\/rdnews.al\/index.php\/wp-json\/wp\/v2\/users\/4"}],"replies":[{"embeddable":true,"href":"https:\/\/rdnews.al\/index.php\/wp-json\/wp\/v2\/comments?post=54853"}],"version-history":[{"count":0,"href":"https:\/\/rdnews.al\/index.php\/wp-json\/wp\/v2\/posts\/54853\/revisions"}],"wp:attachment":[{"href":"https:\/\/rdnews.al\/index.php\/wp-json\/wp\/v2\/media?parent=54853"}],"wp:term":[{"taxonomy":"category","embeddable":true,"href":"https:\/\/rdnews.al\/index.php\/wp-json\/wp\/v2\/categories?post=54853"},{"taxonomy":"post_tag","embeddable":true,"href":"https:\/\/rdnews.al\/index.php\/wp-json\/wp\/v2\/tags?post=54853"}],"curies":[{"name":"wp","href":"https:\/\/api.w.org\/{rel}","templated":true}]}}