{"id":55508,"date":"2023-09-04T10:42:42","date_gmt":"2023-09-04T10:42:42","guid":{"rendered":"https:\/\/rdnews.al\/?p=55508"},"modified":"2023-09-04T10:42:42","modified_gmt":"2023-09-04T10:42:42","slug":"15-pyetje-ministers-margariti-per-fondet-e-parkut-te-butrintit","status":"publish","type":"post","link":"https:\/\/rdnews.al\/index.php\/2023\/09\/04\/15-pyetje-ministers-margariti-per-fondet-e-parkut-te-butrintit\/","title":{"rendered":"15 pyetje ministres Margariti p\u00ebr fondet e Parkut t\u00eb Butrintit"},"content":{"rendered":"<p><strong>Nga Belind K\u00cbLLI\u00c7I<\/strong><\/p>\n<p>KAMERAT E PARKUT T\u00cb BUTRINTIT SI RADAR\u00cbT E USHTRIS\u00cb Q\u00cb NAT\u00cbN RRININ FIKUR E DIT\u00cbN NDEZUR, KURSE N\u00cb PARK ATO S&#8217;PUNOJN\u00cb FARE, E JO SOT, POR PREJ KOH\u00cbSH.<\/p>\n<p>Pas denoncimeve t\u00eb shumta dhe verifikimeve gjith\u00eb k\u00ebto dit\u00eb, rezulton se \u00ebsht\u00eb e domosdoshme t\u00eb flasim p\u00ebr veprimtarin\u00eb e Parkut t\u00eb Butrintit, madje t\u00eb b\u00ebhet dhe hetimi dhe inspektimi i paisjeve t\u00eb biletaris\u00eb, inspektimi i aktivitetit dhe fondeve q\u00eb shkojn\u00eb n\u00eb k\u00ebt\u00eb park.<\/p>\n<p>Por n\u00ebse Margariti pretendon ndryshe, at\u00ebher\u00eb t&#8217;i p\u00ebrgjigjet publikisht pyetjeve:<\/p>\n<p>&#8211; Prej sa koh\u00ebsh nuk punojn\u00eb kamerat e parkut t\u00eb Butrintit?<\/p>\n<p>&#8211; Si monitorohet sistemi i biletaris\u00eb?<\/p>\n<p>&#8211; Cilat jan\u00eb paisjet q\u00eb p\u00ebrdoren p\u00ebr aktivitetin e p\u00ebrditsh\u00ebm?<\/p>\n<p>&#8211; Cil\u00ebt jan\u00eb elementet e siguris\u00eb t\u00eb biletave dhe kontrollit t\u00eb tyre?<\/p>\n<p>&#8211; A punon sistemi i kalueseve dhe a v\u00ebrteton ai vlefshm\u00ebrin\u00eb e bilet\u00ebs n\u00eb momentin e hyrjes?<\/p>\n<p>&#8211; A raportohet elektronikisht n\u00ebp\u00ebrmjet barkodit t\u00eb bilet\u00ebs numri?<\/p>\n<p>&#8211; Si p\u00ebrcaktohen dhe v\u00ebrtetohen biletat me \u00e7mim 0?<\/p>\n<p>&#8211; Si v\u00ebrtetoni nj\u00eb bilet\u00eb p\u00ebr invalid\u00eb, p\u00ebr student\u00eb apo nx\u00ebn\u00ebs n\u00ebn mosh\u00eb?<\/p>\n<p>&#8211; A keni t\u00eb afishuar p\u00ebr t\u00eb huaj dhe shqiptar\u00eb n\u00eb Parkun e Butrintit q\u00eb e Diela e fundit \u00ebsht\u00eb pa pages\u00eb?<\/p>\n<p>&#8211; A e keni mbulimin me kamera n\u00eb gjith\u00eb parkun p\u00ebr \u00e7do eventualitet dhe a monitorini gjith\u00eb hap\u00ebsir\u00ebn?<\/p>\n<p>&#8211; Si ruhet muzeu dhe a jan\u00eb elementet e siguris\u00eb t\u00eb \u00e7ertifikuar n\u00ebse ka?<\/p>\n<p>&#8211; A ka raste ku nj\u00eb vep\u00ebr \u00ebsht\u00eb d\u00ebmtuar apo thyer dhe a \u00ebsht\u00eb raportuar ose t\u00eb jen\u00eb marr\u00eb masa?<\/p>\n<p>&#8211; A keni kapur biletashit\u00ebs n\u00eb vjedhje dhe a i keni marr\u00eb masat sic i ka kodi pun\u00ebs dhe pro\u00e7edura penale p\u00ebrkat\u00ebse?<\/p>\n<p>&#8211; A keni marr\u00eb denoncime p\u00ebr k\u00ebto shkelje dhe m\u00eb par\u00eb, e si keni vepruar?<\/p>\n<p>Pyetje k\u00ebto q\u00eb presin p\u00ebrgjigje zyrtarisht nga Ministrja Margariti.<\/p>\n<p>Pas asamblit t\u00eb k\u00ebng\u00ebs dhe valles sot, kuptohet.<\/p>\n<p><img loading=\"lazy\" decoding=\"async\" class=\"alignnone size-medium wp-image-55509\" src=\"https:\/\/rdnews.al\/wp-content\/uploads\/2023\/09\/butrint-300x184.jpg\" alt=\"\" width=\"300\" height=\"184\" srcset=\"https:\/\/rdnews.al\/wp-content\/uploads\/2023\/09\/butrint-300x184.jpg 300w, https:\/\/rdnews.al\/wp-content\/uploads\/2023\/09\/butrint-768x472.jpg 768w, https:\/\/rdnews.al\/wp-content\/uploads\/2023\/09\/butrint.jpg 1000w\" sizes=\"auto, (max-width: 300px) 100vw, 300px\" \/><\/p>\n","protected":false},"excerpt":{"rendered":"<p>Nga Belind K\u00cbLLI\u00c7I KAMERAT E PARKUT T\u00cb BUTRINTIT SI RADAR\u00cbT E USHTRIS\u00cb Q\u00cb NAT\u00cbN RRININ FIKUR E DIT\u00cbN NDEZUR, KURSE N\u00cb PARK ATO S&#8217;PUNOJN\u00cb FARE, E JO SOT, POR PREJ KOH\u00cbSH. Pas denoncimeve t\u00eb shumta dhe verifikimeve gjith\u00eb k\u00ebto dit\u00eb, rezulton se \u00ebsht\u00eb e domosdoshme t\u00eb flasim p\u00ebr veprimtarin\u00eb e Parkut t\u00eb Butrintit, madje t\u00eb &hellip;<\/p>\n","protected":false},"author":4,"featured_media":32344,"comment_status":"open","ping_status":"open","sticky":false,"template":"","format":"standard","meta":{"footnotes":""},"categories":[37],"tags":[],"class_list":["post-55508","post","type-post","status-publish","format-standard","has-post-thumbnail","","category-politike"],"_links":{"self":[{"href":"https:\/\/rdnews.al\/index.php\/wp-json\/wp\/v2\/posts\/55508","targetHints":{"allow":["GET"]}}],"collection":[{"href":"https:\/\/rdnews.al\/index.php\/wp-json\/wp\/v2\/posts"}],"about":[{"href":"https:\/\/rdnews.al\/index.php\/wp-json\/wp\/v2\/types\/post"}],"author":[{"embeddable":true,"href":"https:\/\/rdnews.al\/index.php\/wp-json\/wp\/v2\/users\/4"}],"replies":[{"embeddable":true,"href":"https:\/\/rdnews.al\/index.php\/wp-json\/wp\/v2\/comments?post=55508"}],"version-history":[{"count":0,"href":"https:\/\/rdnews.al\/index.php\/wp-json\/wp\/v2\/posts\/55508\/revisions"}],"wp:featuredmedia":[{"embeddable":true,"href":"https:\/\/rdnews.al\/index.php\/wp-json\/wp\/v2\/media\/32344"}],"wp:attachment":[{"href":"https:\/\/rdnews.al\/index.php\/wp-json\/wp\/v2\/media?parent=55508"}],"wp:term":[{"taxonomy":"category","embeddable":true,"href":"https:\/\/rdnews.al\/index.php\/wp-json\/wp\/v2\/categories?post=55508"},{"taxonomy":"post_tag","embeddable":true,"href":"https:\/\/rdnews.al\/index.php\/wp-json\/wp\/v2\/tags?post=55508"}],"curies":[{"name":"wp","href":"https:\/\/api.w.org\/{rel}","templated":true}]}}