{"id":55537,"date":"2023-09-04T11:58:48","date_gmt":"2023-09-04T11:58:48","guid":{"rendered":"https:\/\/rdnews.al\/?p=55537"},"modified":"2023-09-04T11:58:48","modified_gmt":"2023-09-04T11:58:48","slug":"sergio-ramos-kthehet-te-sevilla-e-kisha-borxh-per-tu-rikthyer","status":"publish","type":"post","link":"https:\/\/rdnews.al\/index.php\/2023\/09\/04\/sergio-ramos-kthehet-te-sevilla-e-kisha-borxh-per-tu-rikthyer\/","title":{"rendered":"Sergio Ramos kthehet te Sevilla: E kisha borxh p\u00ebr t\u2019u rikthyer"},"content":{"rendered":"<p>Sergio Ramos \u00ebsht\u00eb rikthyer n\u00eb qytetin e tij t\u00eb lindjes, p\u00ebr t\u00eb mbyllur kalimin si futbollist i lir\u00eb te Sevilla. Ai po rikthehet te ish-klubi i tij pas 18 vjet\u00ebsh.<\/p>\n<p>Ramos ka pranuar ofert\u00ebn p\u00ebr nj\u00eb kontrat\u00eb nj\u00eb-vje\u00e7are, me mund\u00ebsi vazhdimi edhe p\u00ebr nj\u00eb vit t\u00eb dyt\u00eb. Madje, spanjolli pranoi edhe ulje t\u00eb madhe t\u00eb pag\u00ebs p\u00ebr t\u2019u kthyer n\u00eb Andaluzi.<\/p>\n<p>Ramos gjithashtu refuzoi oferta nga Arabia Saudite dhe Turqia.<\/p>\n<p>\u201c\u00cbsht\u00eb nj\u00eb dit\u00eb shum\u00eb e ve\u00e7ant\u00eb. Kthimi n\u00eb sht\u00ebpi \u00ebsht\u00eb nj\u00eb g\u00ebzim i jasht\u00ebzakonsh\u00ebm. Pra, kjo \u00ebsht\u00eb ajo, faleminderit p\u00ebr pritjen. Tani duhet t\u00eb b\u00ebjm\u00eb testet [mjek\u00ebsore] dhe ato gj\u00ebra\u201d, tha fillimisht 37-vje\u00e7ari.<\/p>\n<p>Ramos u pyet se sa koh\u00eb kishte pritur p\u00ebr thirrjen nga presidenti, Jose Castro.<\/p>\n<p>\u201cDisa muaj apo m\u00eb shum\u00eb, por t\u00eb lumtur q\u00eb po kthehem, dhe mir\u00eb, kemi koh\u00eb p\u00ebr t\u00eb b\u00ebr\u00eb konferenc\u00ebn p\u00ebr shtyp, prezantimin e k\u00ebshtu me radh\u00eb\u201d, u p\u00ebrgjigj ish-mbrojt\u00ebsi i Real Madridit e Paris Saint-Germainit.<\/p>\n<p>\u201cDo t\u00eb ishte e kot\u00eb t\u00eb shkoja diku tjet\u00ebr, pa u kthyer k\u00ebtu. Mendoj se ishte nj\u00eb borxh ndaj gjyshit tim, ndaj babait tim, ndaj Sevillismo-s, ndaj Puert\u00ebs dhe shum\u00eb gj\u00ebra q\u00eb kan\u00eb pasur shum\u00eb kuptim. Mendoj se ishte koha. T\u00eb tjerat do ta l\u00ebm\u00eb p\u00ebr m\u00eb von\u00eb\u201d, u shpreh Ramos.<\/p>\n","protected":false},"excerpt":{"rendered":"<p>Sergio Ramos \u00ebsht\u00eb rikthyer n\u00eb qytetin e tij t\u00eb lindjes, p\u00ebr t\u00eb mbyllur kalimin si futbollist i lir\u00eb te Sevilla. Ai po rikthehet te ish-klubi i tij pas 18 vjet\u00ebsh. Ramos ka pranuar ofert\u00ebn p\u00ebr nj\u00eb kontrat\u00eb nj\u00eb-vje\u00e7are, me mund\u00ebsi vazhdimi edhe p\u00ebr nj\u00eb vit t\u00eb dyt\u00eb. Madje, spanjolli pranoi edhe ulje t\u00eb madhe t\u00eb &hellip;<\/p>\n","protected":false},"author":4,"featured_media":55538,"comment_status":"open","ping_status":"open","sticky":false,"template":"","format":"standard","meta":{"footnotes":""},"categories":[39],"tags":[],"class_list":["post-55537","post","type-post","status-publish","format-standard","has-post-thumbnail","","category-sport"],"_links":{"self":[{"href":"https:\/\/rdnews.al\/index.php\/wp-json\/wp\/v2\/posts\/55537","targetHints":{"allow":["GET"]}}],"collection":[{"href":"https:\/\/rdnews.al\/index.php\/wp-json\/wp\/v2\/posts"}],"about":[{"href":"https:\/\/rdnews.al\/index.php\/wp-json\/wp\/v2\/types\/post"}],"author":[{"embeddable":true,"href":"https:\/\/rdnews.al\/index.php\/wp-json\/wp\/v2\/users\/4"}],"replies":[{"embeddable":true,"href":"https:\/\/rdnews.al\/index.php\/wp-json\/wp\/v2\/comments?post=55537"}],"version-history":[{"count":0,"href":"https:\/\/rdnews.al\/index.php\/wp-json\/wp\/v2\/posts\/55537\/revisions"}],"wp:featuredmedia":[{"embeddable":true,"href":"https:\/\/rdnews.al\/index.php\/wp-json\/wp\/v2\/media\/55538"}],"wp:attachment":[{"href":"https:\/\/rdnews.al\/index.php\/wp-json\/wp\/v2\/media?parent=55537"}],"wp:term":[{"taxonomy":"category","embeddable":true,"href":"https:\/\/rdnews.al\/index.php\/wp-json\/wp\/v2\/categories?post=55537"},{"taxonomy":"post_tag","embeddable":true,"href":"https:\/\/rdnews.al\/index.php\/wp-json\/wp\/v2\/tags?post=55537"}],"curies":[{"name":"wp","href":"https:\/\/api.w.org\/{rel}","templated":true}]}}