{"id":55845,"date":"2023-09-07T09:30:19","date_gmt":"2023-09-07T09:30:19","guid":{"rendered":"https:\/\/rdnews.al\/?p=55845"},"modified":"2023-09-07T09:30:19","modified_gmt":"2023-09-07T09:30:19","slug":"nje-qytet-ne-irlande-ndalon-femijet-te-kene-celular","status":"publish","type":"post","link":"https:\/\/rdnews.al\/index.php\/2023\/09\/07\/nje-qytet-ne-irlande-ndalon-femijet-te-kene-celular\/","title":{"rendered":"Nj\u00eb qytet n\u00eb Irland\u00eb ndalon f\u00ebmij\u00ebt t\u00eb ken\u00eb celular"},"content":{"rendered":"<p>Me sukses t\u00eb madh u kuror\u00ebzua programi pilot i autoriteteve komunale t\u00eb qytetit irlandez Greystones, sipas t\u00eb cilit prind\u00ebrve u k\u00ebrkohej q\u00eb t\u00eb mos blinin celular\u00eb p\u00ebr f\u00ebmij\u00ebt e tyre deri kur ata t\u00eb ndjekin shkoll\u00ebn e mesme.<\/p>\n<p>Rezultatet e programit pilot ishin befasuese, si\u00e7 raporton gazeta britanike The Sun.<\/p>\n<p>Shifrat e fundit nga rregullatori i komunikimit OFCOM tregojn\u00eb se 20% e tre-vje\u00e7ar\u00ebve kan\u00eb nj\u00eb smartphone.<\/p>\n<p>Kjo p\u00ebrqindje rritet n\u00eb 55%, nga mosha tet\u00eb deri n\u00eb 11 vje\u00e7.<\/p>\n<p>S\u00eb pari, banor\u00ebt e qytetit bregdetar n\u00eb Irland\u00eb vendos\u00ebn se nuk donin q\u00eb f\u00ebmij\u00ebt e tyre t\u2019i kalonin vitet e tyre m\u00eb krijuese t\u00eb ngjitur n\u00eb nj\u00eb ekran celular. Prandaj n\u00ebnat e qytetit u mobilizuan menj\u00ebher\u00eb. Ata bashkuan forcat dhe arrit\u00ebn n\u00eb p\u00ebrfundimin se jan\u00eb dakord q\u00eb f\u00ebmij\u00ebt e tyre t\u00eb mos ken\u00eb smartphon\u00eb derisa t\u00eb kalojn\u00eb pragun e shkoll\u00ebs s\u00eb mesme.<\/p>\n<p>K\u00ebshtu, t\u00eb tet\u00eb shkollat \u200b\u200bfillore n\u00eb qytetin irlandez, q\u00eb ndodhet 24 kilometra n\u00eb jug t\u00eb Dublinit, u k\u00ebrkuan nx\u00ebn\u00ebsve t\u00eb mos merrnin pajisje elektronike me vete. N\u00eb t\u00eb nj\u00ebjt\u00ebn koh\u00eb, shoqatat e prind\u00ebrve dhe kujdestar\u00ebve t\u00eb shkoll\u00ebs i mor\u00ebn gj\u00ebrat n\u00eb duart e tyre duke r\u00ebn\u00eb dakord t\u00eb ndalonin telefonat celular\u00eb n\u00eb shkolla p\u00ebr t\u00eb vegjlit dhe f\u00ebmij\u00ebt e shkollave fillore.<\/p>\n<p>\u201c\u00cbsht\u00eb nj\u00eb qasje revolucionare q\u00eb ndoshta do t\u00eb mir\u00ebpritet nga prind\u00ebrit edhe n\u00eb Britani\u201d, komenton botimi p\u00ebrkat\u00ebs.<\/p>\n<p>Nj\u00eb sondazh i Vodafone i botuar k\u00ebt\u00eb jav\u00eb zbuloi se p\u00ebr disa prind\u00ebr, vendimi se kur t\u2019i blinin f\u00ebmij\u00ebs s\u00eb tyre celularin e par\u00eb ishte po aq e v\u00ebshtir\u00eb sa t\u00eb zgjidhnin se n\u00eb cil\u00ebn shkoll\u00eb do t\u2019i d\u00ebrgonin.<\/p>\n<p>Korrikun e kaluar, agjencia arsimore, shkencore dhe kulturore e Kombeve t\u00eb Bashkuara UNESCO u k\u00ebrkoi shkollave n\u00eb mbar\u00eb bot\u00ebn t\u00eb ndalonin telefonat celular\u00eb n\u00eb t\u00eb gjitha klasat.<\/p>\n<p>Kriza e sh\u00ebndetit mendor<\/p>\n<p>Kur nj\u00eb gazetar i Sun vizitoi qytetin Greystones n\u00eb County Wicklow, vendasit ishin mir\u00ebnjoh\u00ebs p\u00ebr mund\u00ebsin\u00eb p\u00ebr t\u00eb \u00e7liruar t\u00eb rinjt\u00eb nga presioni i lidhjes s\u00eb p\u00ebrhershme me mediat sociale.<\/p>\n<p>N\u00ebna Sania Schubert, nj\u00eb banore e Greystones p\u00ebr 25 vjet, shpejtoi p\u00eblqimin e saj p\u00ebr vendimin themelor t\u00eb autoriteteve komunale dhe Shoqatave t\u00eb Prind\u00ebrve dhe Kujdestar\u00ebve:<\/p>\n<p>\u201cKam edhe tre vite q\u00eb t\u00eb mos i blej vajz\u00ebs sime nj\u00eb smartphone. Mendoj se shumica e njer\u00ebzve do t\u00eb ndiheshin n\u00ebn presion p\u00ebr t\u2019i bler\u00eb f\u00ebmij\u00ebs s\u00eb tyre nj\u00eb celular sepse bashk\u00ebmoshatar\u00ebt e tyre e kan\u00eb nj\u00eb t\u00eb till\u00eb. Megjithat\u00eb, sa m\u00eb shum\u00eb f\u00ebmij\u00eb q\u00eb nuk kan\u00eb celular, aq m\u00eb e leht\u00eb \u00ebsht\u00eb situata p\u00ebr prind\u00ebrit\u201d, thekson ai.<\/p>\n<p>M\u00eb shum\u00eb se 70% e prind\u00ebrve n\u00eb klas\u00ebn e vajz\u00ebs s\u00eb saj Anya ran\u00eb dakord t\u00eb mos blinin telefona inteligjent\u00eb p\u00ebr f\u00ebmij\u00ebt e tyre.<\/p>\n<p>Pasi f\u00ebmij\u00ebt t\u00eb arrijn\u00eb shkoll\u00ebn e mesme, vet\u00ebm 5% e prind\u00ebrve vler\u00ebsojn\u00eb se do t\u00eb jen\u00eb n\u00eb gjendje t\u2019i rezistojn\u00eb presionit t\u00eb f\u00ebmij\u00ebve t\u00eb tyre p\u00ebr t\u00eb marr\u00eb nj\u00eb celular.<\/p>\n<p>N\u00ebna Caroline Nolan ka pranuar gjithashtu q\u00eb t\u00eb mos u blej\u00eb bijve t\u00eb saj telefona inteligjent\u00eb derisa ata t\u00eb mbarojn\u00eb shkoll\u00ebn fillore, pra t\u00eb mbushin mosh\u00ebn 12 vje\u00e7.<\/p>\n<p>\u201cJua kemi b\u00ebr\u00eb t\u00eb qart\u00eb f\u00ebmij\u00ebve q\u00eb nuk do t\u00eb ken\u00eb telefona deri n\u00eb fund t\u00eb shkoll\u00ebs fillore. Dhe kjo \u00ebsht\u00eb di\u00e7ka p\u00ebr t\u00eb cil\u00ebn ne jemi shum\u00eb t\u00eb rrept\u00eb\u201d, thot\u00eb ai.<\/p>\n<p>Abuzimi i rrjeteve sociale nga brezi i ri \u00ebsht\u00eb faj\u00ebsuar p\u00ebr kriz\u00ebn e sh\u00ebndetit mendor me t\u00eb cilin p\u00ebrballen gjithnj\u00eb e m\u00eb shum\u00eb adoleshent\u00eb.<\/p>\n<p>Nj\u00eb raport i Sistemit Komb\u00ebtar t\u00eb Sh\u00ebndetit Britanik (NHS) n\u00ebntorin e kaluar zbuloi se nj\u00eb e kat\u00ebrta e t\u00eb rinjve t\u00eb mosh\u00ebs 17 deri n\u00eb 19 vje\u00e7 n\u00eb Angli jan\u00eb n\u00eb rrezik t\u00eb zhvillimit t\u00eb nj\u00eb problemi t\u00eb sh\u00ebndetit mendor.<\/p>\n<p>P\u00ebr mosh\u00ebn 20-vje\u00e7are, kjo probabilitet \u00ebsht\u00eb rreth nj\u00eb n\u00eb gjasht\u00eb.<\/p>\n<p>\u201cDy vajza s\u00eb fundmi u vet\u00ebvran\u00eb p\u00ebr shkak t\u00eb bullizmit n\u00eb zon\u00eb\u201d, tha nj\u00eb baba i tre vajzave p\u00ebr gazet\u00ebn Sun, duke duartrokitur mas\u00ebn e autoriteteve komunale dhe shkollore.<\/p>\n<p>\u201c\u00cbsht\u00eb e frikshme sepse kjo ka t\u00eb b\u00ebj\u00eb me bot\u00ebn e mediave sociale dhe f\u00ebmij\u00ebn tuaj \u2013 di\u00e7ka n\u00eb t\u00eb cil\u00ebn nuk mund t\u00eb jeni pjes\u00eb sepse ata nuk duan q\u00eb ju t\u2019i shihni. \u00cbsht\u00eb di\u00e7ka q\u00eb t\u00eb frik\u00ebson v\u00ebrtet\u201d.<\/p>\n<p>Dhe qytete t\u00eb tjera n\u00eb Irland\u00eb po mendojn\u00eb zbatimin e nj\u00eb politike t\u00eb ngjashme, si\u00e7 shkruan gazeta britanike The Sun, duke par\u00eb rezultatet pozitive t\u00eb ides\u00eb q\u00eb prind\u00ebrit pat\u00ebn n\u00eb qytetin Greystones.<\/p>\n","protected":false},"excerpt":{"rendered":"<p>Me sukses t\u00eb madh u kuror\u00ebzua programi pilot i autoriteteve komunale t\u00eb qytetit irlandez Greystones, sipas t\u00eb cilit prind\u00ebrve u k\u00ebrkohej q\u00eb t\u00eb mos blinin celular\u00eb p\u00ebr f\u00ebmij\u00ebt e tyre deri kur ata t\u00eb ndjekin shkoll\u00ebn e mesme. Rezultatet e programit pilot ishin befasuese, si\u00e7 raporton gazeta britanike The Sun. Shifrat e fundit nga rregullatori &hellip;<\/p>\n","protected":false},"author":4,"featured_media":55846,"comment_status":"open","ping_status":"open","sticky":false,"template":"","format":"standard","meta":{"footnotes":""},"categories":[42],"tags":[],"class_list":["post-55845","post","type-post","status-publish","format-standard","has-post-thumbnail","","category-kulture"],"_links":{"self":[{"href":"https:\/\/rdnews.al\/index.php\/wp-json\/wp\/v2\/posts\/55845","targetHints":{"allow":["GET"]}}],"collection":[{"href":"https:\/\/rdnews.al\/index.php\/wp-json\/wp\/v2\/posts"}],"about":[{"href":"https:\/\/rdnews.al\/index.php\/wp-json\/wp\/v2\/types\/post"}],"author":[{"embeddable":true,"href":"https:\/\/rdnews.al\/index.php\/wp-json\/wp\/v2\/users\/4"}],"replies":[{"embeddable":true,"href":"https:\/\/rdnews.al\/index.php\/wp-json\/wp\/v2\/comments?post=55845"}],"version-history":[{"count":0,"href":"https:\/\/rdnews.al\/index.php\/wp-json\/wp\/v2\/posts\/55845\/revisions"}],"wp:featuredmedia":[{"embeddable":true,"href":"https:\/\/rdnews.al\/index.php\/wp-json\/wp\/v2\/media\/55846"}],"wp:attachment":[{"href":"https:\/\/rdnews.al\/index.php\/wp-json\/wp\/v2\/media?parent=55845"}],"wp:term":[{"taxonomy":"category","embeddable":true,"href":"https:\/\/rdnews.al\/index.php\/wp-json\/wp\/v2\/categories?post=55845"},{"taxonomy":"post_tag","embeddable":true,"href":"https:\/\/rdnews.al\/index.php\/wp-json\/wp\/v2\/tags?post=55845"}],"curies":[{"name":"wp","href":"https:\/\/api.w.org\/{rel}","templated":true}]}}