{"id":5589,"date":"2022-02-26T11:41:45","date_gmt":"2022-02-26T11:41:45","guid":{"rendered":"https:\/\/rdnews.al\/?p=5589"},"modified":"2022-02-26T13:42:51","modified_gmt":"2022-02-26T13:42:51","slug":"berisha-edi-rama-mbrojti-nje-nisme-qe-e-shnderron-ballkanin-ne-zone-influence-te-rusise","status":"publish","type":"post","link":"https:\/\/rdnews.al\/index.php\/2022\/02\/26\/berisha-edi-rama-mbrojti-nje-nisme-qe-e-shnderron-ballkanin-ne-zone-influence-te-rusise\/","title":{"rendered":"Berisha: Edi Rama mbrojti nj\u00eb nism\u00eb q\u00eb e shnd\u00ebrron Ballkanin n\u00eb zon\u00eb influence t\u00eb Rusis\u00eb"},"content":{"rendered":"<p>Lideri historik i PD, Sali Berisha ka demaskuar sot me forc\u00eb q\u00ebndrimin e dyfisht\u00eb, si\u00e7 e konsideroi ai, t\u00eb qeveris\u00eb shqiptare lidhur me pushtimi e Ukrain\u00ebs nga Rusia. Berisha tha se, \u201dRama, pas deklarat\u00ebs s\u00eb tij se Rusia nuk \u00ebsht\u00eb nj\u00eb vend armik (para nj\u00eb jave), dje p\u00ebrs\u00ebri mbrojti nj\u00eb nism\u00eb q\u00eb e shnd\u00ebrron Ballkanin n\u00eb zon\u00eb influence t\u00eb Rusis\u00eb dhe zon\u00eb hegjemonizmit t\u00eb Rusis\u00eb s\u00eb Vog\u00ebl apo Serbis\u00eb n\u00eb Ballkan\u201d.<\/p>\n<p>Berish\u00ebs iu drejtuan dy pyetje p\u00ebr k\u00ebt\u00eb luft\u00eb q\u00eb po zhvillohet n\u00eb konferenc\u00ebn e sotme p\u00ebr shtyp nga Shkodra s\u00eb bashku me kandidatin Bardh Spahia t\u00eb koalicionit \u201cSht\u00ebpia e Liris\u00eb\u201d.<\/p>\n<ol>\n<li><strong> Berisha, <\/strong><strong>kalojm\u00eb tek sektori i pad\u00ebshiruesh\u00ebm i luft\u00ebs, kryeministri i Britanis\u00eb Johnson ka hequr nj\u00eb paralele midis Putinit dhe Milloshevi\u00e7it. N\u00ebse keni ndonj\u00eb koment, do t\u00eb ishte me interes? Pyetja tjet\u00ebr: ju keni qen\u00eb \u00ebn detyrat m\u00eb t\u00eb r\u00ebnd\u00ebsishme t\u00eb shtetit shqiptar, edhe Kryeminist\u00ebr, edhe President, si e parashikoni fundin e luft\u00ebs n\u00eb Ukrain\u00ebs?<\/strong><\/li>\n<\/ol>\n<p><strong>Sali Berisha:<\/strong>\u00a0Boris Johnson e ka krahasuar me shum\u00eb t\u00eb drejt\u00eb mendoj un\u00eb, Vladimir Putinin me Sllobodan Milloshevi\u00e7in. Q\u00eb t\u00eb dy d\u00ebshmohen diktator\u00eb gjak\u00ebsor\u00eb. E v\u00ebrteta \u00ebsht\u00eb se n\u00eb rrafshin politik, skena e p\u00ebrdorur nga Vladimir Putini \u00ebsht\u00eb nj\u00eb kombinim midis Milloshevi\u00e7it dhe Hitlerit dhe, sigurisht q\u00eb kasaphana e Milloshevi\u00e7it \u00ebsht\u00eb me \u201cre\u00e7ente\u201d, por rikthimi tek pushtimi i vendeve si brez sigurie, t\u00eb rikujton pushtimin e \u00c7ekosllovakis\u00eb nga Gjermania naziste dhe pushtimin e Polonis\u00eb nga Gjermania dhe Bashkimi Sovjetik s\u00eb bashku.<\/p>\n<p>Pyetja tjet\u00ebr juaja lidhur me luft\u00ebn&#8230;\u00cbsht\u00eb nj\u00eb luft\u00eb n\u00eb zem\u00ebr t\u00eb Europ\u00ebs. Vendi i dyt\u00eb m\u00eb i madh n\u00eb sip\u00ebrfaqe n\u00eb Europ\u00eb \u00ebsht\u00eb sulmuar nga vendi fqinj\u00eb, \u00ebsht\u00eb sulmuar nga Rusia. Ukraina \u00ebsht\u00eb nj\u00eb vend i lir\u00eb, demokratik, me zgjedhje t\u00eb lira, q\u00eb k\u00ebrkon t\u00eb vendos\u00eb vet\u00eb fatin e saj. Rusia u d\u00ebshmua se \u00ebsht\u00eb e gatshme p\u00ebr nj\u00eb konflikt bot\u00ebror. Kjo \u00ebsht\u00eb e v\u00ebrteta n\u00eb sulmin q\u00eb nd\u00ebrmori ndaj Ukrain\u00ebs. Diplomacia bot\u00ebrore d\u00ebshtoi n\u00eb parandalimin e k\u00ebtij sulmi.<\/p>\n<p>A do t\u00eb ket\u00eb shtrirje t\u00eb k\u00ebtij konflikti?!<\/p>\n<p>Doktrina q\u00eb zbaton Vladimir Putin \u00ebsht\u00eb dokrina e Sovranitetit t\u00eb Kufizuar mbi baz\u00ebn e s\u00eb cil\u00ebs, Leonid Brezhnjev pushtoi n\u00eb vitin 1969, \u00c7ekosllovakin\u00eb; \u00ebsht\u00eb doktrin\u00eb lufte dhe e p\u00ebrhapjes s\u00eb luft\u00ebs.<\/p>\n<p>SHBA dhe NATO kan\u00eb deklaruar se jan\u00eb t\u00eb vendosura t\u00eb mbrojn\u00eb \u00e7do in\u00e7 t\u00eb territoreve t\u00eb NATO dhe un\u00eb besoj plot\u00ebsisht n\u00eb k\u00ebt\u00eb deklarat\u00eb, por gjakderdhja n\u00eb Ukrain\u00eb \u00ebsht\u00eb nj\u00eb plag\u00eb e r\u00ebnd\u00eb n\u00eb nd\u00ebrgjegjen e njer\u00ebzimit, e vendeve dhe njer\u00ebzve t\u00eb lir\u00eb.<\/p>\n<p>Gjithashtu dua t\u00eb theksoj se distancohem plot\u00ebsisht nga q\u00ebndrimi i dyfisht\u00eb i Edi Ram\u00ebs. Shqip\u00ebria zyrtare nga njera an\u00eb ka mb\u00ebshtetuar Aleanc\u00ebn e Atlantikut t\u00eb Veriut n\u00eb q\u00ebndrimet e saj dhe ka d\u00ebnuar agresionin n\u00eb rezolut\u00ebn e K\u00ebshillit t\u00eb Sigurimit, por nga ana tjet\u00ebr vazhdon t\u00eb mb\u00ebshtes\u00eb \u201cBallkanin e Hapur\u201d, nism\u00eb kjo e kryesuar t\u00ebr\u00ebsisht nga Serbia.<\/p>\n<p>Serbia si\u00e7 e dini, nuk e ka d\u00ebnuar agresionin rus ndaj Ukrain\u00ebs. \u201cBallkani i Hapur\u201d n\u00eb t\u00eb v\u00ebrtet\u00eb \u00ebsht\u00eb nj\u00eb aleanc\u00eb trelaterale, asgj\u00eb tj\u00ebt\u00ebr, Beograd-Shkup-Tiran\u00eb, e t\u00ebra e dominuar nga Serbia dhe e t\u00ebra p\u00ebr llogari edhe t\u00eb Rusis\u00eb.<\/p>\n<p>Edhe dje Edi Rama ka mbrojtur \u201cBallkanin e Hapur\u201d. Pra, pas deklarat\u00ebs s\u00eb tij se Rusia nuk \u00ebsht\u00eb nj\u00eb vend armik para nj\u00eb jave, dje p\u00ebrs\u00ebri ai mbrojti nj\u00eb nism\u00eb q\u00eb e shnd\u00ebrron Ballkanin n\u00eb zon\u00eb influence t\u00eb Rusis\u00eb dhe zon\u00eb hegjemonizmit t\u00eb Rusis\u00eb s\u00eb Vog\u00ebl apo Serbis\u00eb n\u00eb Ballkan.<\/p>\n<p><strong>\u201cZ. Berisha, cila \u00ebsht\u00eb perspektiva e \u201cSht\u00ebpis\u00eb s\u00eb Liris\u00eb\u201d, do t\u00eb mbyllet m\u00eb dat\u00ebn 7 mars apo do t\u00eb avanconi deri n\u00eb krijimin e nj\u00eb grupi parlamentar?\u201d <\/strong><\/p>\n<p><strong>\u2013<\/strong> Kjo ishte nj\u00eb nga pyetjet q\u00eb iu drejtua sot n\u00eb Shkod\u00ebr nga gazetar\u00ebt, ish-kryeministrit Sali Berisha n\u00eb konferenc\u00ebn e p\u00ebrbashk\u00ebt p\u00ebr shtyp me kandidatin p\u00ebr kryetar bashkie t\u00eb k\u00ebtij koalicioni, z. Bardh Spahia.<\/p>\n<p>Berisha u p\u00ebrgjigj: \u201cSht\u00ebpia e Liris\u00eb\u201d \u00ebsht\u00eb nj\u00eb aleanc\u00eb elektorale, sigurisht sepse kjo erdhi si rezultat i rr\u00ebmbimit t\u00eb logos t\u00eb PD nga Edi Rama p\u00ebr llogari t\u00eb Lulzim Bash\u00ebs, me polic\u00eb dhe me gjykat\u00ebs.<\/p>\n<p>Por edhe po t\u00eb mos qe kjo, ne n\u00eb koalicion do t\u00eb ishim dhe un\u00eb dua t\u2019ju siguroj ju, se sapo t\u00eb p\u00ebrfundonim problemet e ristrukturimit t\u00eb brendsh\u00ebm t\u00eb partis\u00eb, ne do t\u00eb kalonim n\u00eb zgjerimin e madh t\u00eb frontit t\u00eb revolucionit paq\u00ebsor demokratik me forca t\u00eb tjera politike q\u00eb duan t\u00eb q\u00ebndrojn\u00eb si opozit\u00eb e v\u00ebrtet\u00eb dhe jo pseudo-opozit\u00eb, p\u00ebrfshir\u00eb k\u00ebtu intelektual\u00eb, shoq\u00ebrin\u00eb civile e t\u00eb tjer\u00eb me radh\u00eb.<\/p>\n<p>Pra, ky front me k\u00ebt\u00eb em\u00ebr \u00ebsht\u00eb elektoral, por pas zgjedhjeve do t\u00eb jet\u00eb nj\u00eb front edhe m\u00eb i gjer\u00eb se ky q\u00eb do t\u00eb p\u00ebrballet me narko-shtetin n\u00eb Shqip\u00ebri\u201d.<\/p>\n","protected":false},"excerpt":{"rendered":"<p>Lideri historik i PD, Sali Berisha ka demaskuar sot me forc\u00eb q\u00ebndrimin e dyfisht\u00eb, si\u00e7 e konsideroi ai, t\u00eb qeveris\u00eb shqiptare lidhur me pushtimi e Ukrain\u00ebs nga Rusia. Berisha tha se, \u201dRama, pas deklarat\u00ebs s\u00eb tij se Rusia nuk \u00ebsht\u00eb nj\u00eb vend armik (para nj\u00eb jave), dje p\u00ebrs\u00ebri mbrojti nj\u00eb nism\u00eb q\u00eb e shnd\u00ebrron Ballkanin &hellip;<\/p>\n","protected":false},"author":4,"featured_media":5590,"comment_status":"open","ping_status":"open","sticky":false,"template":"","format":"standard","meta":{"footnotes":""},"categories":[40],"tags":[],"class_list":["post-5589","post","type-post","status-publish","format-standard","has-post-thumbnail","","category-aktualitet"],"_links":{"self":[{"href":"https:\/\/rdnews.al\/index.php\/wp-json\/wp\/v2\/posts\/5589","targetHints":{"allow":["GET"]}}],"collection":[{"href":"https:\/\/rdnews.al\/index.php\/wp-json\/wp\/v2\/posts"}],"about":[{"href":"https:\/\/rdnews.al\/index.php\/wp-json\/wp\/v2\/types\/post"}],"author":[{"embeddable":true,"href":"https:\/\/rdnews.al\/index.php\/wp-json\/wp\/v2\/users\/4"}],"replies":[{"embeddable":true,"href":"https:\/\/rdnews.al\/index.php\/wp-json\/wp\/v2\/comments?post=5589"}],"version-history":[{"count":0,"href":"https:\/\/rdnews.al\/index.php\/wp-json\/wp\/v2\/posts\/5589\/revisions"}],"wp:featuredmedia":[{"embeddable":true,"href":"https:\/\/rdnews.al\/index.php\/wp-json\/wp\/v2\/media\/5590"}],"wp:attachment":[{"href":"https:\/\/rdnews.al\/index.php\/wp-json\/wp\/v2\/media?parent=5589"}],"wp:term":[{"taxonomy":"category","embeddable":true,"href":"https:\/\/rdnews.al\/index.php\/wp-json\/wp\/v2\/categories?post=5589"},{"taxonomy":"post_tag","embeddable":true,"href":"https:\/\/rdnews.al\/index.php\/wp-json\/wp\/v2\/tags?post=5589"}],"curies":[{"name":"wp","href":"https:\/\/api.w.org\/{rel}","templated":true}]}}