{"id":56079,"date":"2023-09-11T10:04:01","date_gmt":"2023-09-11T10:04:01","guid":{"rendered":"https:\/\/rdnews.al\/?p=56079"},"modified":"2023-09-11T10:04:01","modified_gmt":"2023-09-11T10:04:01","slug":"shenoi-supergol-ndaj-polonise-jasir-asani-zbulon-cfare-i-tha-portieri-polak","status":"publish","type":"post","link":"https:\/\/rdnews.al\/index.php\/2023\/09\/11\/shenoi-supergol-ndaj-polonise-jasir-asani-zbulon-cfare-i-tha-portieri-polak\/","title":{"rendered":"Sh\u00ebnoi supergol ndaj Polonis\u00eb, Jasir Asani zbulon \u00e7far\u00eb i tha portieri polak"},"content":{"rendered":"<p>Jasir Asani sh\u00ebnoi supergolin e par\u00eb ndaj Polonis\u00eb n\u00eb fitoren 2 me 0 t\u00eb Shqip\u00ebris\u00eb. Pas ndeshjes, ai foli p\u00ebr mikrofonin e Tv Klan dhe tha se Shqip\u00ebria e meritoi fitoren.<\/p>\n<p>\u201cMe r\u00ebnd\u00ebsi \u00ebsht\u00eb fitorja, sepse me t\u00eb v\u00ebrtet\u00eb e merituam fitoren. Doja nj\u00eb her\u00eb kros me dh\u00ebn\u00eb, por fusha shum\u00eb e keqe m\u00eb mir\u00eb me godit. Ishalla gjith\u00eb shqiptar\u00ebt anemban\u00eb bot\u00ebs jan\u00eb g\u00ebzuar.<\/p>\n<p>Kam pasur bisedime me FSHF edhe m\u00eb p\u00ebrpara, por s\u2019ka qen\u00eb momenti. Un\u00eb dua ta falenderoj Sylvinho. Un\u00eb e falenderoj nga zemra sepse ka b\u00ebr\u00eb nj\u00eb komb\u00ebtare shum\u00eb mir\u00eb dhe duhet t\u00eb vazhdojm\u00eb k\u00ebsshtu sepse kemi dhe 3 ndeshje akoma. Un\u00eb e kam sh\u00ebnuar golin por merita \u00ebsht\u00eb Sylvinho, dhe e kolektivit, merita e par\u00eb \u00ebsht\u00eb e stafit\u201d.<\/p>\n<p>Pas p\u00ebrfundimit t\u00eb pjes\u00ebs s\u00eb par\u00eb, kamerat fiksuan Jasir Asanin dhe portierin \u00e7ek. Por \u00e7far\u00eb biseduan, na e zbulon Jasir Asani.<\/p>\n<p>\u201cM\u00eb tha q\u00eb goditja ishte fenomenale, s\u2019e prisja q\u00eb do godisje n\u00eb at\u00eb pozicion. Un\u00eb i thash\u00eb q\u00eb e pash\u00eb q\u00eb l\u00ebvize 1 sekond\u00eb para\u201d,\u00a0tregoi Asani p\u00ebr mikrofonin e Tv Klan.<\/p>\n","protected":false},"excerpt":{"rendered":"<p>Jasir Asani sh\u00ebnoi supergolin e par\u00eb ndaj Polonis\u00eb n\u00eb fitoren 2 me 0 t\u00eb Shqip\u00ebris\u00eb. Pas ndeshjes, ai foli p\u00ebr mikrofonin e Tv Klan dhe tha se Shqip\u00ebria e meritoi fitoren. \u201cMe r\u00ebnd\u00ebsi \u00ebsht\u00eb fitorja, sepse me t\u00eb v\u00ebrtet\u00eb e merituam fitoren. Doja nj\u00eb her\u00eb kros me dh\u00ebn\u00eb, por fusha shum\u00eb e keqe m\u00eb mir\u00eb &hellip;<\/p>\n","protected":false},"author":4,"featured_media":56080,"comment_status":"open","ping_status":"open","sticky":false,"template":"","format":"standard","meta":{"footnotes":""},"categories":[39],"tags":[],"class_list":["post-56079","post","type-post","status-publish","format-standard","has-post-thumbnail","","category-sport"],"_links":{"self":[{"href":"https:\/\/rdnews.al\/index.php\/wp-json\/wp\/v2\/posts\/56079","targetHints":{"allow":["GET"]}}],"collection":[{"href":"https:\/\/rdnews.al\/index.php\/wp-json\/wp\/v2\/posts"}],"about":[{"href":"https:\/\/rdnews.al\/index.php\/wp-json\/wp\/v2\/types\/post"}],"author":[{"embeddable":true,"href":"https:\/\/rdnews.al\/index.php\/wp-json\/wp\/v2\/users\/4"}],"replies":[{"embeddable":true,"href":"https:\/\/rdnews.al\/index.php\/wp-json\/wp\/v2\/comments?post=56079"}],"version-history":[{"count":0,"href":"https:\/\/rdnews.al\/index.php\/wp-json\/wp\/v2\/posts\/56079\/revisions"}],"wp:featuredmedia":[{"embeddable":true,"href":"https:\/\/rdnews.al\/index.php\/wp-json\/wp\/v2\/media\/56080"}],"wp:attachment":[{"href":"https:\/\/rdnews.al\/index.php\/wp-json\/wp\/v2\/media?parent=56079"}],"wp:term":[{"taxonomy":"category","embeddable":true,"href":"https:\/\/rdnews.al\/index.php\/wp-json\/wp\/v2\/categories?post=56079"},{"taxonomy":"post_tag","embeddable":true,"href":"https:\/\/rdnews.al\/index.php\/wp-json\/wp\/v2\/tags?post=56079"}],"curies":[{"name":"wp","href":"https:\/\/api.w.org\/{rel}","templated":true}]}}