{"id":56091,"date":"2023-09-11T10:52:26","date_gmt":"2023-09-11T10:52:26","guid":{"rendered":"https:\/\/rdnews.al\/?p=56091"},"modified":"2023-09-11T11:20:51","modified_gmt":"2023-09-11T11:20:51","slug":"shenuan-golat-fituan-dhe-i-kthyen-fundshpinen-rames","status":"publish","type":"post","link":"https:\/\/rdnews.al\/index.php\/2023\/09\/11\/shenuan-golat-fituan-dhe-i-kthyen-fundshpinen-rames\/","title":{"rendered":"Sh\u00ebnuan golat, fituan dhe i kthyen fundshpin\u00ebn Ram\u00ebs"},"content":{"rendered":"<p><strong>&#8220;RD&#8221;<\/strong><\/p>\n<p><strong>Nj\u00eb fitore q\u00eb mund t\u00eb konsiderohet historike me dy gola t\u00eb mrekulluesh\u00ebm t\u00eb Asanit dhe Dakut. Ajo q\u00eb ra n\u00eb sy ishte festimi i golave t\u00eb lojtar\u00ebve t\u00eb Komb\u00ebtares.  <\/p>\n<p>T\u00eb dy lojtar\u00ebt u b\u00ebn\u00eb nj\u00ebsh me tifoz\u00ebt dhe t\u00eb dy pas portave t\u00eb kund\u00ebrshtar\u00ebve. Askush prej tyre nuk shkoi nga ajo q\u00eb quhet tribuna vip. Nj\u00eb rast\u00ebsi? Nuk mundet. <\/p>\n<p>Ata e dinin q\u00eb n\u00eb at\u00eb tribun\u00eb ishte edhe Rama, por zgjodh\u00ebn me vet\u00ebdije ta injorojn\u00eb. I kthyen fundshpin\u00ebn dhe as nuk i ra nd\u00ebr mend as t\u00eb kthenin kok\u00ebn nga ajo tribun\u00eb as pas mbarimit t\u00eb ndeshjes. <\/strong><strong><\/p>\n<p>Shqip\u00ebria ka marr\u00eb fitoren m\u00eb t\u00eb r\u00ebnd\u00ebsishme n\u00eb shtat\u00eb vitet e fundit, pasi ka mposhtur Polonin\u00eb me rezultat t\u00eb past\u00ebr 2-0.<\/p>\n<p>Jasir Asani dhe Mirlind Daku realizuan golat e fitores p\u00ebr kuqezinjt\u00eb q\u00eb tani e shohin vet\u00ebn n\u00eb krye t\u00eb Grupit E me 10 pik\u00eb t\u00eb grumbulluara.<\/p>\n<p>N\u00eb stadiumin \u2018Air Albania\u2019 n\u00eb Tiran\u00eb ka qen\u00eb nj\u00eb atmosfer\u00eb e jasht\u00ebzakonshme ku nuk kishte asnj\u00eb vend t\u00eb lir\u00eb pas t\u00eb gjitha biletat ishin shitur.<\/p>\n<p>E pas p\u00ebrfundimit t\u00eb ndeshjes futbollist\u00ebt dhe tifoz\u00ebt dhuruan nj\u00eb shfaqje spektakolare nga festa e tyre.<\/p>\n<p>N\u00eb sfonde ishte k\u00ebnga e pavdekshme e Shkurte Fejz\u00ebs \u2018Mora fjal\u00eb\u2019 k\u00ebng\u00eb q\u00eb i kushtohet komandantit legjendar Adem Jasharit.<\/p>\n<p>T\u00eb gjith\u00eb futbollist\u00ebt dhe stafi teknik u afruan te tifoz\u00ebt p\u00ebr t\u00eb festuar derisa k\u00ebndonin k\u00ebng\u00ebn e komandantit legjendar Adem Jashari.<\/p>\n<p>Festa e golit t\u00eb Mirlind Dakut dhe tatuazhi i kushtuar heroit komb\u00ebtar Agim Ramadani &#8211; Katana<br \/>\nNj\u00eb Komb\u00ebtare e bashkuar e me grint\u00eb t\u00eb madhe dhe k\u00ebsisoj edhe sukseset nuk mungojn\u00eb.<\/p>\n<p>Video n\u00eb fjal\u00eb \u00ebsht\u00eb shp\u00ebrndar\u00eb jasht\u00ebzakonisht shum\u00eb pasi shihen qart\u00eb emocionet e futbollist\u00ebve nga t\u00eb gjitha trevat shqiptare duke k\u00ebnduar k\u00ebt\u00eb k\u00ebng\u00eb.<\/p>\n","protected":false},"excerpt":{"rendered":"<p>&#8220;RD&#8221; Nj\u00eb fitore q\u00eb mund t\u00eb konsiderohet historike me dy gola t\u00eb mrekulluesh\u00ebm t\u00eb Asanit dhe Dakut. Ajo q\u00eb ra n\u00eb sy ishte festimi i golave t\u00eb lojtar\u00ebve t\u00eb Komb\u00ebtares. T\u00eb dy lojtar\u00ebt u b\u00ebn\u00eb nj\u00ebsh me tifoz\u00ebt dhe t\u00eb dy pas portave t\u00eb kund\u00ebrshtar\u00ebve. Askush prej tyre nuk shkoi nga ajo q\u00eb quhet tribuna &hellip;<\/p>\n","protected":false},"author":4,"featured_media":56094,"comment_status":"open","ping_status":"open","sticky":false,"template":"","format":"standard","meta":{"footnotes":""},"categories":[40],"tags":[],"class_list":["post-56091","post","type-post","status-publish","format-standard","has-post-thumbnail","","category-aktualitet"],"_links":{"self":[{"href":"https:\/\/rdnews.al\/index.php\/wp-json\/wp\/v2\/posts\/56091","targetHints":{"allow":["GET"]}}],"collection":[{"href":"https:\/\/rdnews.al\/index.php\/wp-json\/wp\/v2\/posts"}],"about":[{"href":"https:\/\/rdnews.al\/index.php\/wp-json\/wp\/v2\/types\/post"}],"author":[{"embeddable":true,"href":"https:\/\/rdnews.al\/index.php\/wp-json\/wp\/v2\/users\/4"}],"replies":[{"embeddable":true,"href":"https:\/\/rdnews.al\/index.php\/wp-json\/wp\/v2\/comments?post=56091"}],"version-history":[{"count":0,"href":"https:\/\/rdnews.al\/index.php\/wp-json\/wp\/v2\/posts\/56091\/revisions"}],"wp:featuredmedia":[{"embeddable":true,"href":"https:\/\/rdnews.al\/index.php\/wp-json\/wp\/v2\/media\/56094"}],"wp:attachment":[{"href":"https:\/\/rdnews.al\/index.php\/wp-json\/wp\/v2\/media?parent=56091"}],"wp:term":[{"taxonomy":"category","embeddable":true,"href":"https:\/\/rdnews.al\/index.php\/wp-json\/wp\/v2\/categories?post=56091"},{"taxonomy":"post_tag","embeddable":true,"href":"https:\/\/rdnews.al\/index.php\/wp-json\/wp\/v2\/tags?post=56091"}],"curies":[{"name":"wp","href":"https:\/\/api.w.org\/{rel}","templated":true}]}}