{"id":56611,"date":"2023-09-14T19:58:15","date_gmt":"2023-09-14T19:58:15","guid":{"rendered":"https:\/\/rdnews.al\/?p=56611"},"modified":"2023-09-14T19:58:15","modified_gmt":"2023-09-14T19:58:15","slug":"berisha-gjykates-te-larte-ne-pergjimet-e-sky-ecc-me-anetare-te-bandave","status":"publish","type":"post","link":"https:\/\/rdnews.al\/index.php\/2023\/09\/14\/berisha-gjykates-te-larte-ne-pergjimet-e-sky-ecc-me-anetare-te-bandave\/","title":{"rendered":"Berisha: Gjykat\u00ebs t\u00eb lart\u00eb n\u00eb p\u00ebrgjimet e Sky ECC me an\u00ebtar\u00eb t\u00eb bandave"},"content":{"rendered":"<p>Kryetari i Partis\u00eb Demokratike, Sali Berisha, i ftuar n\u00eb \u2018Debat\u2019, tha se n\u00eb p\u00ebrgjimet e \u201cSky ECC\u201d, jan\u00eb gjetur edhe biseda t\u00eb gjyqtar\u00ebve t\u00eb 2 prej gjykatave m\u00eb t\u00eb r\u00ebnd\u00ebsishme n\u00eb vend, me an\u00ebtar\u00eb t\u00eb bandave kriminale.<\/p>\n<p>Se nga i vjen ky informacion dhe se p\u00ebr cil\u00ebt gjykat\u00ebs b\u00ebhet fjal\u00eb, Berisha zgjodhi q\u00eb t\u00eb mos jap\u00eb emra, por tha se jan\u00eb informacione 100% t\u00eb v\u00ebrteta.<\/p>\n<p><strong>Berisha<\/strong>:Informoj shqiptar\u00ebt se telefonat Sky ECC, jan\u00eb gjetur dhe jan\u00eb p\u00ebrdorur me banda edhe nga gjykat\u00ebsit m\u00eb t\u00eb lart\u00eb. Kjo \u00ebsht\u00eb p\u00ebrgjigja e pyetjes, q\u00eb shtron Andoni si ka mund\u00ebsi drejt\u00ebsia e re. Me ligj, Sadush\u00ebt jan\u00eb t\u00eb detyruar brenda 30 dit\u00ebve p\u00ebr \u00e7\u00ebshtje si kjo (vula e PD) dhe ai mban vendimin, e mban n\u00eb sirtar aq sa i thot\u00eb Rama, i cili vet\u00eb mban n\u00eb sirtar vettingun e tij.<\/p>\n","protected":false},"excerpt":{"rendered":"<p>Kryetari i Partis\u00eb Demokratike, Sali Berisha, i ftuar n\u00eb \u2018Debat\u2019, tha se n\u00eb p\u00ebrgjimet e \u201cSky ECC\u201d, jan\u00eb gjetur edhe biseda t\u00eb gjyqtar\u00ebve t\u00eb 2 prej gjykatave m\u00eb t\u00eb r\u00ebnd\u00ebsishme n\u00eb vend, me an\u00ebtar\u00eb t\u00eb bandave kriminale. Se nga i vjen ky informacion dhe se p\u00ebr cil\u00ebt gjykat\u00ebs b\u00ebhet fjal\u00eb, Berisha zgjodhi q\u00eb t\u00eb mos &hellip;<\/p>\n","protected":false},"author":4,"featured_media":56612,"comment_status":"open","ping_status":"open","sticky":false,"template":"","format":"standard","meta":{"footnotes":""},"categories":[37],"tags":[],"class_list":["post-56611","post","type-post","status-publish","format-standard","has-post-thumbnail","","category-politike"],"_links":{"self":[{"href":"https:\/\/rdnews.al\/index.php\/wp-json\/wp\/v2\/posts\/56611","targetHints":{"allow":["GET"]}}],"collection":[{"href":"https:\/\/rdnews.al\/index.php\/wp-json\/wp\/v2\/posts"}],"about":[{"href":"https:\/\/rdnews.al\/index.php\/wp-json\/wp\/v2\/types\/post"}],"author":[{"embeddable":true,"href":"https:\/\/rdnews.al\/index.php\/wp-json\/wp\/v2\/users\/4"}],"replies":[{"embeddable":true,"href":"https:\/\/rdnews.al\/index.php\/wp-json\/wp\/v2\/comments?post=56611"}],"version-history":[{"count":0,"href":"https:\/\/rdnews.al\/index.php\/wp-json\/wp\/v2\/posts\/56611\/revisions"}],"wp:featuredmedia":[{"embeddable":true,"href":"https:\/\/rdnews.al\/index.php\/wp-json\/wp\/v2\/media\/56612"}],"wp:attachment":[{"href":"https:\/\/rdnews.al\/index.php\/wp-json\/wp\/v2\/media?parent=56611"}],"wp:term":[{"taxonomy":"category","embeddable":true,"href":"https:\/\/rdnews.al\/index.php\/wp-json\/wp\/v2\/categories?post=56611"},{"taxonomy":"post_tag","embeddable":true,"href":"https:\/\/rdnews.al\/index.php\/wp-json\/wp\/v2\/tags?post=56611"}],"curies":[{"name":"wp","href":"https:\/\/api.w.org\/{rel}","templated":true}]}}