{"id":56682,"date":"2023-09-15T11:35:35","date_gmt":"2023-09-15T11:35:35","guid":{"rendered":"https:\/\/rdnews.al\/?p=56682"},"modified":"2023-09-15T11:35:35","modified_gmt":"2023-09-15T11:35:35","slug":"kane-shpallur-armiq-50-mije-anetare-dhe-50-deputete-te-pd-dhe-ulen-e-shtrihen-me-tao-ballen","status":"publish","type":"post","link":"https:\/\/rdnews.al\/index.php\/2023\/09\/15\/kane-shpallur-armiq-50-mije-anetare-dhe-50-deputete-te-pd-dhe-ulen-e-shtrihen-me-tao-ballen\/","title":{"rendered":"Kan\u00eb shpallur \u201carmiq\u201d 50 mij\u00eb an\u00ebtar\u00eb dhe 50 deputet\u00eb t\u00eb PD dhe ulen e shtrihen me Tao Ball\u00ebn&#8230;"},"content":{"rendered":"<p><strong>Nga Edi PALOKA<\/strong><\/p>\n<p>-Mohojn\u00eb t\u00eb shkuar\u00ebn e Partis\u00eb Demokratike madje i quajn\u00eb t\u00eb korruptuara qeverit\u00eb e saj (perve\u00e7 LB.).<\/p>\n<p>-Injorojn\u00eb martir\u00ebt dhe simbolet e sakrific\u00ebs s\u00eb demokrat\u00ebve (as nj\u00eb tuf\u00eb lule nuk \u00e7uan tek Azem Hajdari n\u00eb 25 &#8211; vjetorin e ekzekutimit t\u00eb tij)!<\/p>\n<p>-Shumic\u00ebn e tyre nuk i lidh asgj\u00eb me PD, p\u00ebrkundrazi!<\/p>\n<p>-Dy vjet m\u00eb par\u00eb un\u00eb debatova me ta sepse shpall\u00ebn n\u00eb mbledhjen e p\u00ebrbashk\u00ebt t\u00eb kryesis\u00eb s\u00eb PD me grupin parlamentar (mbledhja e fundit p\u00ebrpara ndarjes) se \u201cPD e ka mbyllur misionin e saj. Nuk ndodh asgj\u00eb n\u00ebse shkrihet. Dielli do t\u00eb lind p\u00ebrs\u00ebri nes\u00ebr\u201d!<\/p>\n<p>-Kan\u00eb shpallur \u201carmiq\u201d 50 mij\u00eb an\u00ebtar\u00eb dhe 50 deputet\u00eb t\u00eb PD!<\/p>\n<p>-Nuk pranojn\u00eb t\u00eb ulen me liderin historik t\u00eb PD, po nuk e kan\u00eb problem t\u00eb ulen e t\u00eb shtrihen madje, hapur dhe fshehtas me Tao Ball\u00ebn e Ram\u00ebs!<\/p>\n<p>E megjithat\u00eb, nuk b\u00ebjn\u00eb partin\u00eb e tyre \u201ceuroatllantike\u201d, por jan\u00eb kapur me thonj pas vul\u00ebs s\u00eb PD dhe vet\u00ebshpallen drejtues partie, grupi parlamentar e me radh\u00eb!<\/p>\n<p>PSE?<\/p>\n<p>SEPSE KESHTU I DUHET RAM\u00cbS Q\u00cb VET\u00cbM P\u00cbR K\u00cbT\u00cb ARSYE I MBAN PENG SE NDRYSHE DO I HIDHTE SI T\u00cb GJITH\u00cb ATA Q\u00cb KA P\u00cbRDORUR DERI ME SOT.<\/p>\n<p><img loading=\"lazy\" decoding=\"async\" class=\"alignnone size-medium wp-image-39193\" src=\"https:\/\/rdnews.al\/wp-content\/uploads\/2023\/03\/alibeaj-300x213.jpg\" alt=\"\" width=\"300\" height=\"213\" srcset=\"https:\/\/rdnews.al\/wp-content\/uploads\/2023\/03\/alibeaj-300x213.jpg 300w, https:\/\/rdnews.al\/wp-content\/uploads\/2023\/03\/alibeaj-768x544.jpg 768w, https:\/\/rdnews.al\/wp-content\/uploads\/2023\/03\/alibeaj.jpg 772w\" sizes=\"auto, (max-width: 300px) 100vw, 300px\" \/><\/p>\n","protected":false},"excerpt":{"rendered":"<p>Nga Edi PALOKA -Mohojn\u00eb t\u00eb shkuar\u00ebn e Partis\u00eb Demokratike madje i quajn\u00eb t\u00eb korruptuara qeverit\u00eb e saj (perve\u00e7 LB.). -Injorojn\u00eb martir\u00ebt dhe simbolet e sakrific\u00ebs s\u00eb demokrat\u00ebve (as nj\u00eb tuf\u00eb lule nuk \u00e7uan tek Azem Hajdari n\u00eb 25 &#8211; vjetorin e ekzekutimit t\u00eb tij)! -Shumic\u00ebn e tyre nuk i lidh asgj\u00eb me PD, p\u00ebrkundrazi! -Dy &hellip;<\/p>\n","protected":false},"author":4,"featured_media":39332,"comment_status":"open","ping_status":"open","sticky":false,"template":"","format":"standard","meta":{"footnotes":""},"categories":[37],"tags":[],"class_list":["post-56682","post","type-post","status-publish","format-standard","has-post-thumbnail","","category-politike"],"_links":{"self":[{"href":"https:\/\/rdnews.al\/index.php\/wp-json\/wp\/v2\/posts\/56682","targetHints":{"allow":["GET"]}}],"collection":[{"href":"https:\/\/rdnews.al\/index.php\/wp-json\/wp\/v2\/posts"}],"about":[{"href":"https:\/\/rdnews.al\/index.php\/wp-json\/wp\/v2\/types\/post"}],"author":[{"embeddable":true,"href":"https:\/\/rdnews.al\/index.php\/wp-json\/wp\/v2\/users\/4"}],"replies":[{"embeddable":true,"href":"https:\/\/rdnews.al\/index.php\/wp-json\/wp\/v2\/comments?post=56682"}],"version-history":[{"count":0,"href":"https:\/\/rdnews.al\/index.php\/wp-json\/wp\/v2\/posts\/56682\/revisions"}],"wp:featuredmedia":[{"embeddable":true,"href":"https:\/\/rdnews.al\/index.php\/wp-json\/wp\/v2\/media\/39332"}],"wp:attachment":[{"href":"https:\/\/rdnews.al\/index.php\/wp-json\/wp\/v2\/media?parent=56682"}],"wp:term":[{"taxonomy":"category","embeddable":true,"href":"https:\/\/rdnews.al\/index.php\/wp-json\/wp\/v2\/categories?post=56682"},{"taxonomy":"post_tag","embeddable":true,"href":"https:\/\/rdnews.al\/index.php\/wp-json\/wp\/v2\/tags?post=56682"}],"curies":[{"name":"wp","href":"https:\/\/api.w.org\/{rel}","templated":true}]}}