{"id":57058,"date":"2023-09-20T11:59:03","date_gmt":"2023-09-20T11:59:03","guid":{"rendered":"https:\/\/rdnews.al\/?p=57058"},"modified":"2023-09-20T11:59:03","modified_gmt":"2023-09-20T11:59:03","slug":"portieri-i-lazios-shenon-golin-e-barazimit-ne-minuten-e-5-shtese-ndaj-atleticos","status":"publish","type":"post","link":"https:\/\/rdnews.al\/index.php\/2023\/09\/20\/portieri-i-lazios-shenon-golin-e-barazimit-ne-minuten-e-5-shtese-ndaj-atleticos\/","title":{"rendered":"Portieri i Lazios sh\u00ebnon golin e barazimit n\u00eb minut\u00ebn e 5 shtes\u00eb ndaj Atleticos"},"content":{"rendered":"<p>Provedel ishte protagonisti kryesor i Lazios n\u00eb barazimin kund\u00ebr Atleticos. Gardiani i bardhekalt\u00ebrve arriti t\u00eb sh\u00ebnonte n\u00eb frym\u00ebn e fundit t\u00eb takimit, (90+5\u2019) duke i dh\u00ebn\u00eb nj\u00eb pik\u00eb tep\u00ebr t\u00eb vlefshme skuadr\u00ebs s\u00eb Sarrit.<\/p>\n<p>\u201c\u00cbsht\u00eb nj\u00eb nat\u00eb q\u00eb do e mbaj mend gjat\u00eb gjith\u00eb jet\u00ebs time. Jam i lumtur mbi t\u00eb gjitha sepse ne arrit\u00ebm t\u00eb barazonim nj\u00eb ndeshje q\u00eb nuk e meritonim ta humbnim. M\u00eb pas u kujtova q\u00eb sh\u00ebnova n\u00eb Lig\u00ebn e Kampion\u00ebve. Pika ishte e merituar, por tani duhet t\u00eb vazhdojm\u00eb p\u00ebrpara. Futbolli ndonj\u00ebher\u00eb ka t\u00eb b\u00ebj\u00eb me momentet dhe jo me performanc\u00ebn.<\/p>\n<p>M\u00eb vjen keq q\u00eb duhet t\u00eb barazonim n\u00eb sekond\u00ebn e fundit. Shpresoj q\u00eb kjo pik\u00eb t\u00eb na jap\u00eb motivim dhe entuziaz\u00ebm. Kam sh\u00ebnuar dhe m\u00eb par\u00eb n\u00eb Serin\u00eb B nj\u00eb gol t\u00eb till\u00eb. K\u00ebrceva dhe sh\u00ebnova\u201d, u shpreh Provedel.<\/p>\n<p>&nbsp;<\/p>\n<div><\/div>\n<div><iframe loading=\"lazy\" src=\"https:\/\/streamja.com\/embed\/0M0Q6\" width=\"100%\" height=\"100%\" frameborder=\"0\" allowfullscreen=\"allowfullscreen\" data-mce-fragment=\"1\"><\/iframe><\/div>\n<p>&nbsp;<\/p>\n","protected":false},"excerpt":{"rendered":"<p>Provedel ishte protagonisti kryesor i Lazios n\u00eb barazimin kund\u00ebr Atleticos. Gardiani i bardhekalt\u00ebrve arriti t\u00eb sh\u00ebnonte n\u00eb frym\u00ebn e fundit t\u00eb takimit, (90+5\u2019) duke i dh\u00ebn\u00eb nj\u00eb pik\u00eb tep\u00ebr t\u00eb vlefshme skuadr\u00ebs s\u00eb Sarrit. \u201c\u00cbsht\u00eb nj\u00eb nat\u00eb q\u00eb do e mbaj mend gjat\u00eb gjith\u00eb jet\u00ebs time. Jam i lumtur mbi t\u00eb gjitha sepse ne arrit\u00ebm &hellip;<\/p>\n","protected":false},"author":4,"featured_media":57059,"comment_status":"open","ping_status":"open","sticky":false,"template":"","format":"standard","meta":{"footnotes":""},"categories":[39],"tags":[],"class_list":["post-57058","post","type-post","status-publish","format-standard","has-post-thumbnail","","category-sport"],"_links":{"self":[{"href":"https:\/\/rdnews.al\/index.php\/wp-json\/wp\/v2\/posts\/57058","targetHints":{"allow":["GET"]}}],"collection":[{"href":"https:\/\/rdnews.al\/index.php\/wp-json\/wp\/v2\/posts"}],"about":[{"href":"https:\/\/rdnews.al\/index.php\/wp-json\/wp\/v2\/types\/post"}],"author":[{"embeddable":true,"href":"https:\/\/rdnews.al\/index.php\/wp-json\/wp\/v2\/users\/4"}],"replies":[{"embeddable":true,"href":"https:\/\/rdnews.al\/index.php\/wp-json\/wp\/v2\/comments?post=57058"}],"version-history":[{"count":0,"href":"https:\/\/rdnews.al\/index.php\/wp-json\/wp\/v2\/posts\/57058\/revisions"}],"wp:featuredmedia":[{"embeddable":true,"href":"https:\/\/rdnews.al\/index.php\/wp-json\/wp\/v2\/media\/57059"}],"wp:attachment":[{"href":"https:\/\/rdnews.al\/index.php\/wp-json\/wp\/v2\/media?parent=57058"}],"wp:term":[{"taxonomy":"category","embeddable":true,"href":"https:\/\/rdnews.al\/index.php\/wp-json\/wp\/v2\/categories?post=57058"},{"taxonomy":"post_tag","embeddable":true,"href":"https:\/\/rdnews.al\/index.php\/wp-json\/wp\/v2\/tags?post=57058"}],"curies":[{"name":"wp","href":"https:\/\/api.w.org\/{rel}","templated":true}]}}