{"id":57184,"date":"2023-09-22T08:19:23","date_gmt":"2023-09-22T08:19:23","guid":{"rendered":"https:\/\/rdnews.al\/?p=57184"},"modified":"2023-09-22T08:19:23","modified_gmt":"2023-09-22T08:19:23","slug":"protesta-banoret-e-zall-herrit-bllokojne-rrugen-jemi-si-ne-mesjete-na-kane-kercenuar","status":"publish","type":"post","link":"https:\/\/rdnews.al\/index.php\/2023\/09\/22\/protesta-banoret-e-zall-herrit-bllokojne-rrugen-jemi-si-ne-mesjete-na-kane-kercenuar\/","title":{"rendered":"Protesta\/ Banor\u00ebt e Zall Herrit bllokojn\u00eb rrug\u00ebn: Jemi si n\u00eb mesjet\u00eb! Na kan\u00eb k\u00ebrc\u00ebnuar\u2026"},"content":{"rendered":"<p>Banor\u00ebt e Zall Herrit jan\u00eb ngritur s\u00ebrish n\u00eb protest\u00eb paraditen e sotme dhe kan\u00eb bllokuar rrug\u00ebn. Protestuesit deklarojn\u00eb se nuk do t\u00eb lejojn\u00eb q\u00eb t\u00eb kalojn\u00eb mjetet e tonazhit t\u00eb r\u00ebnd\u00eb, q\u00eb punojn\u00eb n\u00eb guroret q\u00eb jan\u00eb n\u00eb zon\u00eb.<\/p>\n<p>Protestuesit than\u00eb se jo vet\u00ebm q\u00eb nuk kan\u00eb gjetur mb\u00ebshtetjen e nj\u00ebsis\u00eb administrative, por pohuan se kishin marr\u00eb edhe k\u00ebrc\u00ebnime se do t\u2019i hiqej emri si p\u00ebrfitues t\u00eb ndihm\u00ebs ekonomike.<\/p>\n<p>\u201cNe nuk do t\u00eb lejojm\u00eb q\u00eb t\u00eb kaloj\u00eb asnj\u00eb kamion sot. K\u00ebtu do t\u00eb rrim\u00eb, deri nes\u00ebr apo pasnes\u00ebr. Askush nuk na ka dh\u00ebn\u00eb p\u00ebrgjigje, as nga nj\u00ebsia. Madje disa k\u00ebrc\u00ebnohen se do t\u00eb hiqen nga listat e ndihm\u00ebs ekonomike. Vet\u00eb bredhin me avion\u00eb, ne s\u2019kemi as rrug\u00eb dhe as uj\u00eb. Po e blejm\u00eb ujin se nuk pihet, disa kan\u00eb hapur puse. Jemi si n\u00eb Mesjet\u00eb\u201d, tha nj\u00eb prej protestuesve.<\/p>\n","protected":false},"excerpt":{"rendered":"<p>Banor\u00ebt e Zall Herrit jan\u00eb ngritur s\u00ebrish n\u00eb protest\u00eb paraditen e sotme dhe kan\u00eb bllokuar rrug\u00ebn. Protestuesit deklarojn\u00eb se nuk do t\u00eb lejojn\u00eb q\u00eb t\u00eb kalojn\u00eb mjetet e tonazhit t\u00eb r\u00ebnd\u00eb, q\u00eb punojn\u00eb n\u00eb guroret q\u00eb jan\u00eb n\u00eb zon\u00eb. Protestuesit than\u00eb se jo vet\u00ebm q\u00eb nuk kan\u00eb gjetur mb\u00ebshtetjen e nj\u00ebsis\u00eb administrative, por pohuan se &hellip;<\/p>\n","protected":false},"author":4,"featured_media":57185,"comment_status":"open","ping_status":"open","sticky":false,"template":"","format":"standard","meta":{"footnotes":""},"categories":[46],"tags":[],"class_list":["post-57184","post","type-post","status-publish","format-standard","has-post-thumbnail","","category-ekonomi"],"_links":{"self":[{"href":"https:\/\/rdnews.al\/index.php\/wp-json\/wp\/v2\/posts\/57184","targetHints":{"allow":["GET"]}}],"collection":[{"href":"https:\/\/rdnews.al\/index.php\/wp-json\/wp\/v2\/posts"}],"about":[{"href":"https:\/\/rdnews.al\/index.php\/wp-json\/wp\/v2\/types\/post"}],"author":[{"embeddable":true,"href":"https:\/\/rdnews.al\/index.php\/wp-json\/wp\/v2\/users\/4"}],"replies":[{"embeddable":true,"href":"https:\/\/rdnews.al\/index.php\/wp-json\/wp\/v2\/comments?post=57184"}],"version-history":[{"count":0,"href":"https:\/\/rdnews.al\/index.php\/wp-json\/wp\/v2\/posts\/57184\/revisions"}],"wp:featuredmedia":[{"embeddable":true,"href":"https:\/\/rdnews.al\/index.php\/wp-json\/wp\/v2\/media\/57185"}],"wp:attachment":[{"href":"https:\/\/rdnews.al\/index.php\/wp-json\/wp\/v2\/media?parent=57184"}],"wp:term":[{"taxonomy":"category","embeddable":true,"href":"https:\/\/rdnews.al\/index.php\/wp-json\/wp\/v2\/categories?post=57184"},{"taxonomy":"post_tag","embeddable":true,"href":"https:\/\/rdnews.al\/index.php\/wp-json\/wp\/v2\/tags?post=57184"}],"curies":[{"name":"wp","href":"https:\/\/api.w.org\/{rel}","templated":true}]}}