{"id":57341,"date":"2023-09-24T16:11:24","date_gmt":"2023-09-24T16:11:24","guid":{"rendered":"https:\/\/rdnews.al\/?p=57341"},"modified":"2023-09-24T16:11:24","modified_gmt":"2023-09-24T16:11:24","slug":"grupi-i-armatosur-serb-perbehet-nga-njesia-speciale-kobra-dhe-brigada-72","status":"publish","type":"post","link":"https:\/\/rdnews.al\/index.php\/2023\/09\/24\/grupi-i-armatosur-serb-perbehet-nga-njesia-speciale-kobra-dhe-brigada-72\/","title":{"rendered":"Grupi i armatosur serb p\u00ebrb\u00ebhet nga nj\u00ebsia speciale \u201cKobra\u201d dhe \u201cBrigada 72\u201d"},"content":{"rendered":"<p>6 terrorist\u00eb serb\u00eb jan\u00eb vrar\u00eb deri m\u00eb tani n\u00eb Manastirin e Banjsk\u00ebs, nd\u00ebrsa nj\u00eb tjet\u00ebr \u00ebsht\u00eb kapur nga Policia e Kosov\u00ebs. Deri m\u00eb tani dihet se Policia ka marr\u00eb nj\u00eb nga objektet brenda Manastirit.<\/p>\n<p><strong>Njoftimi i plot\u00eb i policise<\/strong><\/p>\n<p>\u201dN\u00eb zon\u00ebn e fshatit Banjska situata e siguris\u00eb vazhdon t\u00eb q\u00ebndroj\u00eb e tensionuar, po ashtu sulmet me arm\u00eb zjarri ndaj nj\u00ebsiteve policore po vazhdojn\u00eb n\u00eb intensitet t\u00eb nj\u00ebjt\u00eb, var\u00ebsisht nga l\u00ebvizjet e grupeve kriminale.<\/p>\n<p>Veprimet policore po realizohen sipas planifikimeve dhe zhvillimeve n\u00eb terren, duke u p\u00ebrgjigjur n\u00eb vet\u00ebmbrojtje ndaj sulmeve t\u00eb adresuara ndaj zyrtar\u00ebve policor\u00eb, t\u00eb cil\u00ebve po iu rrezikohet jeta e tyre e drejtp\u00ebrdrejt\u00eb.<\/p>\n<p>Sipas informatave zyrtare nga terreni gjat\u00eb shk\u00ebmbimit t\u00eb zjarrit konfirmohet vrasja edhe e dy sulmuesve t\u00eb tjer\u00eb, t\u00eb cil\u00ebt kan\u00eb qen\u00eb t\u00eb maskuar, t\u00eb uniformuar dhe t\u00eb armatosur r\u00ebnd\u00eb, e po ashtu konfirmohet edhe arrestimi i nj\u00eb sulmuesi t\u00eb uniformuar dhe t\u00eb armatosur.<\/p>\n<p>Si pasoj\u00eb e sulmeve nj\u00eb zyrtar policor i PK-s\u00eb ka p\u00ebsuar l\u00ebndime kryesisht t\u00eb lehta.<\/p>\n<p>Gjat\u00eb veprimeve policore n\u00eb nj\u00eb lokacion banimi i cili \u00ebsht\u00eb p\u00ebrdorur nga sulmuesit, jan\u00eb gjetur pajisje logjistike, mjete t\u00eb dyshuara ushtarake, uniforma ushtarake si arm\u00eb dhe municion t\u00eb kalibrave t\u00eb ndrysh\u00ebm.<\/p>\n<p>Po ashtu nj\u00ebsitet policore gjat\u00eb ushtrimit t\u00eb pik\u00eb kontrollit rutin\u00eb t\u00eb automjeteve, n\u00eb zon\u00ebn e fshatit Rudare ka ndaluar kat\u00ebr persona t\u00eb dyshuar t\u00eb cil\u00ebt jan\u00eb hasur n\u00ebn posedim ilegal t\u00eb radiolidhjeve, t\u00eb cil\u00ebt dyshohet se nd\u00ebrlidhen me grupet kriminale, ku t\u00eb gjitha veprimet e m\u00ebtejme ndaj tyre do t\u00eb nd\u00ebrmerren n\u00eb bashk\u00ebpunim dhe koordinim me organet e drejt\u00ebsis\u00eb.<\/p>\n<p>Informacionet zyrtare t\u00eb deritanishme konfirmojn\u00eb vrasjen e tre sulmuesve, arrestimin e nj\u00eb sulmuesi, arrestimin e kat\u00ebr personave t\u00eb dyshuar t\u00eb cil\u00ebt jan\u00eb hasur n\u00ebn posedim t\u00eb radiolidhjeve, si dhe identifikimin e nj\u00eb sasie t\u00eb konsiderueshme t\u00eb armeve, municionit dhe pajisjeve t\u00eb ndryshme.<\/p>\n<p>Policia e Kosov\u00ebs vazhdon t\u2019iu b\u00ebj\u00eb thirrje grupeve kriminale q\u00eb t\u00eb dor\u00ebzohen para organeve t\u00eb drejt\u00ebsis\u00eb dhe nj\u00ebkoh\u00ebsisht fton qytetar\u00ebt q\u00eb t\u00eb bashk\u00ebpunojn\u00eb me organet e rendit, n\u00eb interes t\u00eb qet\u00ebsimit t\u00eb situat\u00ebs dhe siguris\u00eb s\u00eb p\u00ebrgjithshme.<\/p>\n<p>Hetimet dhe ekzaminimi i vendit t\u00eb ngjarjes po vazhdon n\u00eb bashk\u00ebpunim dhe koordinim me t\u00eb gjitha institucionet relevante, p\u00ebrfshir\u00eb Inspektoratin Policor t\u00eb Kosov\u00ebs\u201d.<\/p>\n<p>Paraprakisht mendohet se grupi i kriminel\u00ebve serb\u00eb p\u00ebrb\u00ebhet nga nj\u00ebsia speciale \u201cKobra\u201d dhe \u201cBrigada 72\u201d. Ende nuk ka nj\u00eb konfirmim nga policia e Kosov\u00ebs p\u00ebr k\u00ebto t\u00eb dh\u00ebna t\u00eb fundit.<\/p>\n<p>N\u00eb or\u00ebt e para t\u00eb m\u00ebngjesit t\u00eb dit\u00ebs s\u00eb sotme (e diel) \u00ebsht\u00eb vrar\u00eb rreshteri i Policis\u00eb s\u00eb Kosov\u00ebs, Afrim Bunjaku nd\u00ebrsa polici tjet\u00ebr Alban Rashiti ka mbetur i plagosur.<\/p>\n<p>Ngjarja e r\u00ebnd\u00eb ka ndodhur n\u00eb fshatin Banjska t\u00eb Zve\u00e7anit ku \u00ebsht\u00eb sulmuar patrulla policore.<\/p>\n<p><img loading=\"lazy\" decoding=\"async\" class=\"alignnone size-medium wp-image-57342\" src=\"https:\/\/rdnews.al\/wp-content\/uploads\/2023\/09\/serb-300x160.png\" alt=\"\" width=\"300\" height=\"160\" srcset=\"https:\/\/rdnews.al\/wp-content\/uploads\/2023\/09\/serb-300x160.png 300w, https:\/\/rdnews.al\/wp-content\/uploads\/2023\/09\/serb-768x409.png 768w, https:\/\/rdnews.al\/wp-content\/uploads\/2023\/09\/serb-310x165.png 310w, https:\/\/rdnews.al\/wp-content\/uploads\/2023\/09\/serb.png 800w\" sizes=\"auto, (max-width: 300px) 100vw, 300px\" \/><\/p>\n<p><img loading=\"lazy\" decoding=\"async\" class=\"alignnone size-medium wp-image-57344\" src=\"https:\/\/rdnews.al\/wp-content\/uploads\/2023\/09\/1-300x170.png\" alt=\"\" width=\"300\" height=\"170\" srcset=\"https:\/\/rdnews.al\/wp-content\/uploads\/2023\/09\/1-300x170.png 300w, https:\/\/rdnews.al\/wp-content\/uploads\/2023\/09\/1-1024x579.png 1024w, https:\/\/rdnews.al\/wp-content\/uploads\/2023\/09\/1-768x435.png 768w, https:\/\/rdnews.al\/wp-content\/uploads\/2023\/09\/1.png 1223w\" sizes=\"auto, (max-width: 300px) 100vw, 300px\" \/><\/p>\n","protected":false},"excerpt":{"rendered":"<p>6 terrorist\u00eb serb\u00eb jan\u00eb vrar\u00eb deri m\u00eb tani n\u00eb Manastirin e Banjsk\u00ebs, nd\u00ebrsa nj\u00eb tjet\u00ebr \u00ebsht\u00eb kapur nga Policia e Kosov\u00ebs. Deri m\u00eb tani dihet se Policia ka marr\u00eb nj\u00eb nga objektet brenda Manastirit. Njoftimi i plot\u00eb i policise \u201dN\u00eb zon\u00ebn e fshatit Banjska situata e siguris\u00eb vazhdon t\u00eb q\u00ebndroj\u00eb e tensionuar, po ashtu sulmet &hellip;<\/p>\n","protected":false},"author":4,"featured_media":57343,"comment_status":"open","ping_status":"open","sticky":false,"template":"","format":"standard","meta":{"footnotes":""},"categories":[38],"tags":[],"class_list":["post-57341","post","type-post","status-publish","format-standard","has-post-thumbnail","","category-bota"],"_links":{"self":[{"href":"https:\/\/rdnews.al\/index.php\/wp-json\/wp\/v2\/posts\/57341","targetHints":{"allow":["GET"]}}],"collection":[{"href":"https:\/\/rdnews.al\/index.php\/wp-json\/wp\/v2\/posts"}],"about":[{"href":"https:\/\/rdnews.al\/index.php\/wp-json\/wp\/v2\/types\/post"}],"author":[{"embeddable":true,"href":"https:\/\/rdnews.al\/index.php\/wp-json\/wp\/v2\/users\/4"}],"replies":[{"embeddable":true,"href":"https:\/\/rdnews.al\/index.php\/wp-json\/wp\/v2\/comments?post=57341"}],"version-history":[{"count":0,"href":"https:\/\/rdnews.al\/index.php\/wp-json\/wp\/v2\/posts\/57341\/revisions"}],"wp:featuredmedia":[{"embeddable":true,"href":"https:\/\/rdnews.al\/index.php\/wp-json\/wp\/v2\/media\/57343"}],"wp:attachment":[{"href":"https:\/\/rdnews.al\/index.php\/wp-json\/wp\/v2\/media?parent=57341"}],"wp:term":[{"taxonomy":"category","embeddable":true,"href":"https:\/\/rdnews.al\/index.php\/wp-json\/wp\/v2\/categories?post=57341"},{"taxonomy":"post_tag","embeddable":true,"href":"https:\/\/rdnews.al\/index.php\/wp-json\/wp\/v2\/tags?post=57341"}],"curies":[{"name":"wp","href":"https:\/\/api.w.org\/{rel}","templated":true}]}}