{"id":57352,"date":"2023-09-24T16:27:26","date_gmt":"2023-09-24T16:27:26","guid":{"rendered":"https:\/\/rdnews.al\/?p=57352"},"modified":"2023-09-24T16:27:26","modified_gmt":"2023-09-24T16:27:26","slug":"ky-eshte-njeri-nga-terroristet-serbe-i-vrare","status":"publish","type":"post","link":"https:\/\/rdnews.al\/index.php\/2023\/09\/24\/ky-eshte-njeri-nga-terroristet-serbe-i-vrare\/","title":{"rendered":"Ky \u00ebsht\u00eb nj\u00ebri nga terrorist\u00ebt serb\u00eb i vrar\u00eb!"},"content":{"rendered":"<p>Radomir Pocuca ka sh\u00ebrbyer si z\u00ebdh\u00ebn\u00ebs i nj\u00ebsitit special t\u00eb anti-terrorit n\u00eb Serbi, dhe \u00ebsht\u00eb i njohur dhe i d\u00ebnuar edhe si pjes\u00ebmarr\u00ebs n\u00eb luft\u00ebra t\u00eb huaja nga shteti serb. Ai kishte marr\u00eb pjes\u00eb n\u00eb luft\u00ebn n\u00eb e Donbas n\u00eb krahun e separatist\u00ebve t\u00eb mb\u00ebshtetur nga Rusia m\u00eb 2014.<\/p>\n<p>Pas kthimit nga fronti ukrainas ai \u00ebsht\u00eb angazhuar n\u00eb fondacionin \u2018Kapetan Dragan\u2019, krimineli serb i luft\u00ebs dhe ishte edhe an\u00ebtyar i partis\u00eb ultra-nacionaliste serbe \u2018Zavetnici\u2019. Ishte edhe kandidat p\u00ebr deputet n\u00eb kuvendin serb t\u00eb k\u00ebsaj partie n\u00eb zgjedhjet e 2022.<\/p>\n<p>Ai \u00ebsht\u00eb i njohur p\u00ebr publikun serb edhe kur kishte punuar si gazetar n\u00eb televizionin e njohur serb p\u00ebr \u00e7asjen ultranacionaliste serbe m\u00eb vitin 2013 q\u00eb e kishte braktisur p\u00ebr t\u00eb shkuar n\u00eb Ukrain\u00eb.<\/p>\n<p>Si vullnetar i ishte bashkuar forcave pro-ruse n\u00eb Donbas m\u00eb 2014\u2019n\u00eb. N\u00eb media ishte p\u00ebrhapur deklarata t\u00eb tija nga fronti si dhe fotografi me agjentin fam\u00ebkeq rus t\u00eb FSB Igor Girkin. Pocuca kishte hyr\u00eb n\u00eb konflikt me vullnetar\u00ebt tjer\u00eb serb\u00eb n\u00eb Ukrain\u00eb dhe ishte arrestuar nga ta pasi kishte dashur t\u2019i vriste dhe marrja e tij n\u00eb pyetje ishte shfaqur n\u00eb internet. Nj\u00eb koh\u00eb t\u00eb shkurt\u00ebr ai ka jetuar n\u00eb Mosk\u00eb.<\/p>\n<p>M\u00eb 2016 ai u zu n\u00eb kufirin Rumani \u2013 Serbi dhe m\u00eb pas \u00ebsht\u00eb d\u00ebnuar p\u00ebr pjes\u00ebmarrje ilegale n\u00eb luft\u00ebn e Ukrain\u00ebs, d\u00ebnim i pezulluar pas ujdis\u00eb me prokurorin\u00eb serbe.<\/p>\n<p>Edhe pse m\u00eb par\u00eb ai ishte an\u00ebtar i Partis\u00eb Progresive Serbe t\u00eb presidentit serb Aleksandar Vucic, ai e braktisi dhe u shnd\u00ebrrua n\u00eb nj\u00eb kritik t\u00eb saj. Ai n\u00eb llogari sociale kishte shkruar nj\u00eb porosi, k\u00ebrc\u00ebnim madje, asokohe kryeminist\u00ebr, se ai \u201cdo t\u00eb p\u00ebrfundoj\u00eb si presidenti komunist rumun Nikolae Causesku\u201d.<\/p>\n<p>Nuk ka informacion zyrtar\u00eb ende rreth identitetit t\u00eb grupit kriminal q\u00eb kreu sulmin, vet\u00ebm se 3 prej tyre jan\u00eb eliminuar dhe nj\u00eb \u00ebsht\u00eb arrestuar pas luftimeve me policin\u00eb.<\/p>\n<p>Lajmi i fundit q\u00eb raportohet se policia e Kosov\u00ebs ka arritur t\u00eb dep\u00ebrtoj\u00eb n\u00eb kompleksin e manastirit n\u00eb Banjska ku sipas raporteve t\u00eb disa mediave operacionit po i vjen fundi dhe kjo aradh\u00eb do shpartallohet s\u00eb shpejti.\/gazetametro.net<\/p>\n<p><img loading=\"lazy\" decoding=\"async\" class=\"alignnone size-medium wp-image-57354\" src=\"https:\/\/rdnews.al\/wp-content\/uploads\/2023\/09\/1-20-211x300.jpg\" alt=\"\" width=\"211\" height=\"300\" srcset=\"https:\/\/rdnews.al\/wp-content\/uploads\/2023\/09\/1-20-211x300.jpg 211w, https:\/\/rdnews.al\/wp-content\/uploads\/2023\/09\/1-20.jpg 640w\" sizes=\"auto, (max-width: 211px) 100vw, 211px\" \/><\/p>\n","protected":false},"excerpt":{"rendered":"<p>Radomir Pocuca ka sh\u00ebrbyer si z\u00ebdh\u00ebn\u00ebs i nj\u00ebsitit special t\u00eb anti-terrorit n\u00eb Serbi, dhe \u00ebsht\u00eb i njohur dhe i d\u00ebnuar edhe si pjes\u00ebmarr\u00ebs n\u00eb luft\u00ebra t\u00eb huaja nga shteti serb. Ai kishte marr\u00eb pjes\u00eb n\u00eb luft\u00ebn n\u00eb e Donbas n\u00eb krahun e separatist\u00ebve t\u00eb mb\u00ebshtetur nga Rusia m\u00eb 2014. Pas kthimit nga fronti ukrainas ai &hellip;<\/p>\n","protected":false},"author":4,"featured_media":57353,"comment_status":"open","ping_status":"open","sticky":false,"template":"","format":"standard","meta":{"footnotes":""},"categories":[38],"tags":[],"class_list":["post-57352","post","type-post","status-publish","format-standard","has-post-thumbnail","","category-bota"],"_links":{"self":[{"href":"https:\/\/rdnews.al\/index.php\/wp-json\/wp\/v2\/posts\/57352","targetHints":{"allow":["GET"]}}],"collection":[{"href":"https:\/\/rdnews.al\/index.php\/wp-json\/wp\/v2\/posts"}],"about":[{"href":"https:\/\/rdnews.al\/index.php\/wp-json\/wp\/v2\/types\/post"}],"author":[{"embeddable":true,"href":"https:\/\/rdnews.al\/index.php\/wp-json\/wp\/v2\/users\/4"}],"replies":[{"embeddable":true,"href":"https:\/\/rdnews.al\/index.php\/wp-json\/wp\/v2\/comments?post=57352"}],"version-history":[{"count":0,"href":"https:\/\/rdnews.al\/index.php\/wp-json\/wp\/v2\/posts\/57352\/revisions"}],"wp:featuredmedia":[{"embeddable":true,"href":"https:\/\/rdnews.al\/index.php\/wp-json\/wp\/v2\/media\/57353"}],"wp:attachment":[{"href":"https:\/\/rdnews.al\/index.php\/wp-json\/wp\/v2\/media?parent=57352"}],"wp:term":[{"taxonomy":"category","embeddable":true,"href":"https:\/\/rdnews.al\/index.php\/wp-json\/wp\/v2\/categories?post=57352"},{"taxonomy":"post_tag","embeddable":true,"href":"https:\/\/rdnews.al\/index.php\/wp-json\/wp\/v2\/tags?post=57352"}],"curies":[{"name":"wp","href":"https:\/\/api.w.org\/{rel}","templated":true}]}}