{"id":57431,"date":"2023-09-25T16:28:58","date_gmt":"2023-09-25T16:28:58","guid":{"rendered":"https:\/\/rdnews.al\/?p=57431"},"modified":"2023-09-25T16:28:58","modified_gmt":"2023-09-25T16:28:58","slug":"politikani-gjerman-vucic-po-krijon-mjedis-per-agresion-kriminal-kunder-kosoves","status":"publish","type":"post","link":"https:\/\/rdnews.al\/index.php\/2023\/09\/25\/politikani-gjerman-vucic-po-krijon-mjedis-per-agresion-kriminal-kunder-kosoves\/","title":{"rendered":"Politikani gjerman: Vu\u00e7i\u00e7 po krijon mjedis p\u00ebr agresion kriminal kund\u00ebr Kosov\u00ebs"},"content":{"rendered":"<p>Deputeti gjerman i Parlamentit Evropian, Reinhard Butikofer, ka th\u00ebn\u00eb se presidenti i Serbis\u00eb, Alekasnder Vucic po g\u00ebnjen me paturp\u00ebsi. Politikani gjerman i ka reaguar pretendimeve t\u00eb presidentit serb t\u00eb b\u00ebra n\u00eb takim me ambasadorin rus, duke th\u00ebn\u00eb se n\u00eb Kosov\u00eb s\u2019ka spastrim etnik.<\/p>\n<p>Butikofer tutje ka shtuar se g\u00ebnjeshtrat e Serbis\u00eb po krijojn\u00eb nj\u00eb mjedis t\u00eb favorsh\u00ebm p\u00ebr agresion kriminal kund\u00ebr Kosov\u00ebs. Ai ka pyetur n\u00ebse do t\u00eb ket\u00eb pasoja p\u00ebr Serbin\u00eb nga Bashkimi Evropian.<\/p>\n<p>\u201cVu\u00e7iq g\u00ebnjen me paturp\u00ebsi: n\u00eb Kosov\u00eb nuk ka spastrim etnik. G\u00ebnjeshtrat serbe po krijojn\u00eb nj\u00eb mjedis t\u00eb favorsh\u00ebm p\u00ebr agresion kriminal kund\u00ebr Kosov\u00ebs. Narrativa e Vu\u00e7iqit i jep justifikim ekstremizmit serb. A do t\u00eb sjell\u00eb BE-ja pasoja?\u201d,\u00a0ka shkruar Butikofer.<\/p>\n","protected":false},"excerpt":{"rendered":"<p>Deputeti gjerman i Parlamentit Evropian, Reinhard Butikofer, ka th\u00ebn\u00eb se presidenti i Serbis\u00eb, Alekasnder Vucic po g\u00ebnjen me paturp\u00ebsi. Politikani gjerman i ka reaguar pretendimeve t\u00eb presidentit serb t\u00eb b\u00ebra n\u00eb takim me ambasadorin rus, duke th\u00ebn\u00eb se n\u00eb Kosov\u00eb s\u2019ka spastrim etnik. Butikofer tutje ka shtuar se g\u00ebnjeshtrat e Serbis\u00eb po krijojn\u00eb nj\u00eb mjedis &hellip;<\/p>\n","protected":false},"author":4,"featured_media":57432,"comment_status":"open","ping_status":"open","sticky":false,"template":"","format":"standard","meta":{"footnotes":""},"categories":[38],"tags":[],"class_list":["post-57431","post","type-post","status-publish","format-standard","has-post-thumbnail","","category-bota"],"_links":{"self":[{"href":"https:\/\/rdnews.al\/index.php\/wp-json\/wp\/v2\/posts\/57431","targetHints":{"allow":["GET"]}}],"collection":[{"href":"https:\/\/rdnews.al\/index.php\/wp-json\/wp\/v2\/posts"}],"about":[{"href":"https:\/\/rdnews.al\/index.php\/wp-json\/wp\/v2\/types\/post"}],"author":[{"embeddable":true,"href":"https:\/\/rdnews.al\/index.php\/wp-json\/wp\/v2\/users\/4"}],"replies":[{"embeddable":true,"href":"https:\/\/rdnews.al\/index.php\/wp-json\/wp\/v2\/comments?post=57431"}],"version-history":[{"count":0,"href":"https:\/\/rdnews.al\/index.php\/wp-json\/wp\/v2\/posts\/57431\/revisions"}],"wp:featuredmedia":[{"embeddable":true,"href":"https:\/\/rdnews.al\/index.php\/wp-json\/wp\/v2\/media\/57432"}],"wp:attachment":[{"href":"https:\/\/rdnews.al\/index.php\/wp-json\/wp\/v2\/media?parent=57431"}],"wp:term":[{"taxonomy":"category","embeddable":true,"href":"https:\/\/rdnews.al\/index.php\/wp-json\/wp\/v2\/categories?post=57431"},{"taxonomy":"post_tag","embeddable":true,"href":"https:\/\/rdnews.al\/index.php\/wp-json\/wp\/v2\/tags?post=57431"}],"curies":[{"name":"wp","href":"https:\/\/api.w.org\/{rel}","templated":true}]}}