{"id":57484,"date":"2023-09-26T08:31:50","date_gmt":"2023-09-26T08:31:50","guid":{"rendered":"https:\/\/rdnews.al\/?p=57484"},"modified":"2023-09-26T08:31:50","modified_gmt":"2023-09-26T08:31:50","slug":"ministri-i-jashtem-italian-po-punojme-per-te-perforcuar-pranine-e-kfor-it-ne-kufirin-kosove-serbi","status":"publish","type":"post","link":"https:\/\/rdnews.al\/index.php\/2023\/09\/26\/ministri-i-jashtem-italian-po-punojme-per-te-perforcuar-pranine-e-kfor-it-ne-kufirin-kosove-serbi\/","title":{"rendered":"Ministri i Jasht\u00ebm italian: Po punojm\u00eb p\u00ebr t\u00eb p\u00ebrforcuar pranin\u00eb e KFOR-it n\u00eb kufirin Kosov\u00eb \u2013 Serbi"},"content":{"rendered":"<p>Shefi i diplomacis\u00eb italiane Antonio Tajani paralajm\u00ebroi p\u00ebrforcimin e pranis\u00eb s\u00eb trupave t\u00eb NATO-s n\u00eb kufirin Kosov\u00eb-Serbi, p\u00ebr t\u00eb parandaluar p\u00ebrleshjet e m\u00ebtejshme, mes shqet\u00ebsimeve p\u00ebr rip\u00ebrt\u00ebritjen e dhun\u00ebs n\u00eb rajon.<\/p>\n<p>Ai e b\u00ebri k\u00ebt\u00eb paralajm\u00ebrim n\u00eb rrjetin X, i njohur deri von\u00eb si Twitter, n\u00eb t\u00eb cilin tha se ka biseduar me presidentin (e Serbis\u00eb Aleksandar). Vu\u00e7i\u00e7 dhe me kryeministrin (e Kosov\u00ebs Albin) Kurti, duke u b\u00ebr\u00eb thirrje p\u00ebr inkurajim t\u00eb dialogut mes pal\u00ebve.<\/p>\n<p>\u201cN\u00eb marr\u00ebveshje me (ministrin Italian t\u00eb Mbrojtjes) Guido Crosetto ne punojm\u00eb p\u00ebr t\u00eb forcuar pranin\u00eb e KFOR-it n\u00eb kufirin nd\u00ebrmjet Serbis\u00eb dhe Kosov\u00ebs dhe parandalimin e p\u00ebrleshjeve t\u00eb m\u00ebtejshme\u201d, thuhet n\u00eb postim.<\/p>\n<p>Paralajm\u00ebrimi pasoi p\u00ebrleshjet e s\u00eb diel\u00ebs n\u00eb fshatin Banjsk\u00eb n\u00eb veri t\u00eb Kosov\u00ebs, ku nj\u00eb grup personash t\u00eb maskuar dhe me uniforma ushtarake sulmoi policin\u00eb e Kosov\u00ebs duke vrar\u00eb nj\u00eb oficer dhe plagosur nj\u00eb tjet\u00ebr.<\/p>\n<p>Grupi m\u00eb pas hyri me forc\u00eb n\u00eb manastirin ortodoks n\u00eb fshatin Banjsk\u00eb duke vazhduar t\u00eb q\u00eblloj\u00eb mbi policin\u00eb. P\u00ebrleshja p\u00ebrfundoi kur shumica e sulmuesve u arratis\u00ebn. Tre nga sulmuesit e armatosur mbet\u00ebn t\u00eb vrar\u00eb, nd\u00ebrsa gjasht\u00eb veta u arrestuan.<\/p>\n<p>Sulmi u cil\u00ebsua si akt terrorist nga institucionet e Kosov\u00ebs dhe diplomat\u00ebt per\u00ebndimor\u00eb. Kryeministri Kurti tha se grupi i armatosur kishte mb\u00ebshtetjen e autoriteteve n\u00eb Serbi, nd\u00ebrsa presidenti serb Aleksandar Vu\u00e7i\u00e7, mohoi \u00e7far\u00ebdo lidhjeje me grupin.<\/p>\n<p>T\u00eb h\u00ebn\u00ebn i d\u00ebrguari i evropian p\u00ebr bisedimet Kosov\u00eb-Serbi, Miroslav Laj\u00e7ak dhe k\u00ebshilltar\u00ebt diplomatik\u00eb t\u00eb udh\u00ebheq\u00ebsve t\u00eb Franc\u00ebs, Gjermanis\u00eb dhe Italis\u00eb, si dhe i d\u00ebrguari i posa\u00e7\u00ebm amerikan p\u00ebr Ballkanin Per\u00ebndimor, Gabriel Escobar, diskutuan p\u00ebr situat\u00ebn n\u00eb Kosov\u00eb dhe bisedimet mes pal\u00ebve.<\/p>\n<p>\u201cK\u00ebshillime t\u00eb ngjeshura dhe shum\u00eb thelb\u00ebsore me k\u00ebshilltar\u00ebt kryesor\u00eb diplomatik\u00eb (t\u00eb Franc\u00ebs, Emmanuel) Bonne, (t\u00eb Gjermanis\u00eb, Jens) Plotner, (t\u00eb Italis\u00eb, Francesco) Talo dhe t\u00eb d\u00ebrguarin Escobar. Diskutuam p\u00ebr hapat e ardhsh\u00ebm n\u00eb zbatimin e Marr\u00ebveshjes drejt normalizimit dhe situat\u00ebn n\u00eb veri. Mir\u00ebnjoh\u00ebs p\u00ebr mb\u00ebshtetjen e tyre\u201d, shkroi zoti Laj\u00e7ak.<\/p>\n<p>Zyrtar\u00eb t\u00eb BE-s\u00eb than\u00eb se ai \u00ebsht\u00eb v\u00ebn\u00eb n\u00eb p\u00ebrpjekje p\u00ebr takime t\u00eb reja n\u00eb Prishtin\u00eb dhe Beograd n\u00eb orvatje p\u00ebr rip\u00ebrt\u00ebritjen e bisedimeve, raundi i fundit i t\u00eb cilave q\u00eb u mbajt m\u00eb 14 shtator n\u00eb Bruksel, nuk sh\u00ebnoi ndonj\u00eb p\u00ebrparim.<\/p>\n<p>Sulmi i s\u00eb diel\u00ebs sh\u00ebnon nj\u00eb nga ngjarjet m\u00eb t\u00eb r\u00ebnda n\u00eb Kosov\u00eb q\u00eb nga p\u00ebrfundimi i luft\u00ebs s\u00eb viteve 1998-1999 q\u00eb mori fund me nd\u00ebrhyrjen e NATO-s p\u00ebr t\u2019u dh\u00ebn\u00eb fund mizorive t\u00eb forcave serbe n\u00eb Kosov\u00eb.<\/p>\n<p>N\u00ebnt\u00eb vjet pas p\u00ebrfundimit t\u00eb luft\u00ebs Kosova shpalli pavar\u00ebsin\u00eb e saj me mb\u00ebshtetjen e Shteteve t\u00eb Bashkuara dhe vendeve kryesore per\u00ebndimore, por kund\u00ebrshtohet nga Serbia dhe aleatja e saj Rusia.\/VOA<\/p>\n","protected":false},"excerpt":{"rendered":"<p>Shefi i diplomacis\u00eb italiane Antonio Tajani paralajm\u00ebroi p\u00ebrforcimin e pranis\u00eb s\u00eb trupave t\u00eb NATO-s n\u00eb kufirin Kosov\u00eb-Serbi, p\u00ebr t\u00eb parandaluar p\u00ebrleshjet e m\u00ebtejshme, mes shqet\u00ebsimeve p\u00ebr rip\u00ebrt\u00ebritjen e dhun\u00ebs n\u00eb rajon. Ai e b\u00ebri k\u00ebt\u00eb paralajm\u00ebrim n\u00eb rrjetin X, i njohur deri von\u00eb si Twitter, n\u00eb t\u00eb cilin tha se ka biseduar me presidentin (e &hellip;<\/p>\n","protected":false},"author":4,"featured_media":57485,"comment_status":"open","ping_status":"open","sticky":false,"template":"","format":"standard","meta":{"footnotes":""},"categories":[38],"tags":[],"class_list":["post-57484","post","type-post","status-publish","format-standard","has-post-thumbnail","","category-bota"],"_links":{"self":[{"href":"https:\/\/rdnews.al\/index.php\/wp-json\/wp\/v2\/posts\/57484","targetHints":{"allow":["GET"]}}],"collection":[{"href":"https:\/\/rdnews.al\/index.php\/wp-json\/wp\/v2\/posts"}],"about":[{"href":"https:\/\/rdnews.al\/index.php\/wp-json\/wp\/v2\/types\/post"}],"author":[{"embeddable":true,"href":"https:\/\/rdnews.al\/index.php\/wp-json\/wp\/v2\/users\/4"}],"replies":[{"embeddable":true,"href":"https:\/\/rdnews.al\/index.php\/wp-json\/wp\/v2\/comments?post=57484"}],"version-history":[{"count":0,"href":"https:\/\/rdnews.al\/index.php\/wp-json\/wp\/v2\/posts\/57484\/revisions"}],"wp:featuredmedia":[{"embeddable":true,"href":"https:\/\/rdnews.al\/index.php\/wp-json\/wp\/v2\/media\/57485"}],"wp:attachment":[{"href":"https:\/\/rdnews.al\/index.php\/wp-json\/wp\/v2\/media?parent=57484"}],"wp:term":[{"taxonomy":"category","embeddable":true,"href":"https:\/\/rdnews.al\/index.php\/wp-json\/wp\/v2\/categories?post=57484"},{"taxonomy":"post_tag","embeddable":true,"href":"https:\/\/rdnews.al\/index.php\/wp-json\/wp\/v2\/tags?post=57484"}],"curies":[{"name":"wp","href":"https:\/\/api.w.org\/{rel}","templated":true}]}}