{"id":57772,"date":"2023-09-27T20:14:42","date_gmt":"2023-09-27T20:14:42","guid":{"rendered":"https:\/\/rdnews.al\/?p=57772"},"modified":"2023-09-27T20:14:42","modified_gmt":"2023-09-27T20:14:42","slug":"senatori-demokrat-qe-drejton-komisionin-e-jashtem-rrezikon-45-vite-burg-per-korrupsion","status":"publish","type":"post","link":"https:\/\/rdnews.al\/index.php\/2023\/09\/27\/senatori-demokrat-qe-drejton-komisionin-e-jashtem-rrezikon-45-vite-burg-per-korrupsion\/","title":{"rendered":"Senatori demokrat q\u00eb drejton Komisionin e Jasht\u00ebm rrezikon 45 vite burg p\u00ebr korrupsion"},"content":{"rendered":"<p>Senatori Demokrat, Bob Menendez p\u00ebrballet t\u00eb m\u00ebrkur\u00ebn n\u00eb nj\u00eb Gjykat\u00eb Federale t\u00eb Nju Jorkut me akuzat p\u00ebr marrje ryshfeti nd\u00ebrsa po shtohen thirrjet brenda Partis\u00eb Demokrate p\u00ebr dor\u00ebheqjen e tij. Zoti Menendez ka th\u00ebn\u00eb p\u00ebr mediat amerikane se \u00ebsht\u00eb i pafajsh\u00ebm dhe se nuk ka n\u00eb plan t\u00eb jap\u00eb dor\u00ebheqjen si Senator.<\/p>\n<p>T\u00eb p\u00ebrfshir\u00eb n\u00eb aktpadin\u00eb e prokuroris\u00eb federale t\u00eb Nju Jorkut jan\u00eb edhe bashk\u00ebshortja e Senatorit Menendez, Nadine dhe tre biznesmen\u00eb nga Nju Xhersi, Jose Uribe, Fred Daibes dhe Wael Hana, t\u00eb cil\u00ebt gjithashtu kan\u00eb th\u00ebn\u00eb se jan\u00eb t\u00eb pafajsh\u00ebm.<\/p>\n<p>Biznesmeni Wael Hana u arrestua n\u00eb aeroportin Kennedy t\u00eb Nju Jorkut t\u00eb mart\u00ebn pasi u kthye vullnetarisht nga Egjipti p\u00ebr t&#8217;u p\u00ebrballur me akuzat dhe u urdh\u00ebrua t\u00eb lirohet n\u00eb pritje t\u00eb gjykimit.<\/p>\n<p>N\u00ebse Senatori Menendez shpallet fajtor p\u00ebr t\u00eb tri akuzat e padis\u00eb penale, sipas llogaris\u00eb q\u00eb ka b\u00ebr\u00eb ish prokurori federal Adam Kamenstein, ai mund t\u00eb marr\u00eb d\u00ebnim maksimal prej 45 vjet\u00ebsh burgim.<\/p>\n<p>Prejse u b\u00eb e ditur se \u00ebsht\u00eb ngritur aktpadia penale z\u00ebrat q\u00eb i kan\u00eb b\u00ebr\u00eb thirrje senatorit Menendez t\u00eb jap\u00eb dor\u00ebheqje po shtohen. Prej tyre, nd\u00ebr m\u00eb t\u00eb z\u00ebshmit ka qen\u00eb Guvernatori i Nju Xhersit, shtet q\u00eb zoti Menendez p\u00ebrfaq\u00ebson n\u00eb Senat, i cili ka th\u00ebn\u00eb se akuzat jan\u00eb aq serioze sa ndikojn\u00eb tek aft\u00ebsia e tij p\u00ebr t\u00eb p\u00ebrfaq\u00ebsuar denj\u00ebsisht popullin e Nju Xhersit.<\/p>\n<p>Senatori \u00ebsht\u00eb larguar p\u00ebrkoh\u00ebsisht nga posti i Kryetarit t\u00eb Komisionit p\u00ebr Marr\u00ebdh\u00ebnie me Jasht\u00eb t\u00eb Senatit pasi k\u00ebshtu p\u00ebrcaktojn\u00eb rregullat e brendshme t\u00eb Partis\u00eb Demokrate amerikane p\u00ebr zyrtar\u00ebt q\u00eb p\u00ebrballen me padi penale. Por zoti Menendez ka refuzuar thirrjet q\u00eb t\u00eb jap\u00eb dor\u00ebheqjen si senator duke sqaruar se ai n\u00eb fakt, n\u00eb zgjedhjet e vitit t\u00eb ardhsh\u00ebm do t\u00eb kandidoj\u00eb s\u00ebrish.<\/p>\n<p>N\u00eb detajet e dh\u00ebna jav\u00ebn e kaluar, prokurori Damian Williams tha se \u201cAgjent\u00ebt e FBI-s\u00eb zbuluan rreth 500,000 dollar\u00eb t\u00eb futura n\u00eb zarfe dhe dollap\u00eb. Nj\u00eb pjes\u00eb e parave, sipas tij, u gjet\u00ebn n\u00eb xhepat e xhaket\u00ebs s\u00eb senatorit dhe p\u00ebr k\u00ebt\u00eb ai publikoi edhe fotografi t\u00eb b\u00ebra gjat\u00eb bastisjes s\u00eb sht\u00ebpis\u00eb s\u00eb Senatorit n\u00eb Nju Xhersi.<\/p>\n<p>Prolurori Williams tha se \u201cn\u00eb disa nga zarfet me para u gjet\u00ebn shenjat e gisht\u00ebrinjve t\u00eb nj\u00eb prej biznesmen\u00ebve t\u00eb akuzuar. Agjent\u00ebt zbuluan gjithashtu shufra ari t\u00eb dh\u00ebn\u00eb nga biznesmen\u00ebt Fred Daibes dhe Wael Hana. FBI-ja, gjithmon\u00eb sipas prokurorit Williams, gjeti edhe Mercedesin q\u00eb biznesmeni i tret\u00eb i akuzuar, Jose Uribe u dha atyre\u201d.<\/p>\n<p>Prokuroria federale e Nju Jorkut sqaroi se dyshon q\u00eb Senatori Menendez mori k\u00ebto ryshfete q\u00eb t\u00eb p\u00ebrdor\u00eb ndikimin e tij p\u00ebr t\u00eb ndihmuar interesat e Egjiptit dhe n\u00eb t\u00eb nj\u00ebjt\u00ebn koh\u00eb t\u00eb ofroj\u00eb mb\u00ebshtetje p\u00ebr biznesmen\u00ebt e akuzuar.<\/p>\n","protected":false},"excerpt":{"rendered":"<p>Senatori Demokrat, Bob Menendez p\u00ebrballet t\u00eb m\u00ebrkur\u00ebn n\u00eb nj\u00eb Gjykat\u00eb Federale t\u00eb Nju Jorkut me akuzat p\u00ebr marrje ryshfeti nd\u00ebrsa po shtohen thirrjet brenda Partis\u00eb Demokrate p\u00ebr dor\u00ebheqjen e tij. Zoti Menendez ka th\u00ebn\u00eb p\u00ebr mediat amerikane se \u00ebsht\u00eb i pafajsh\u00ebm dhe se nuk ka n\u00eb plan t\u00eb jap\u00eb dor\u00ebheqjen si Senator. T\u00eb p\u00ebrfshir\u00eb n\u00eb &hellip;<\/p>\n","protected":false},"author":4,"featured_media":57775,"comment_status":"open","ping_status":"open","sticky":false,"template":"","format":"standard","meta":{"footnotes":""},"categories":[38],"tags":[],"class_list":["post-57772","post","type-post","status-publish","format-standard","has-post-thumbnail","","category-bota"],"_links":{"self":[{"href":"https:\/\/rdnews.al\/index.php\/wp-json\/wp\/v2\/posts\/57772","targetHints":{"allow":["GET"]}}],"collection":[{"href":"https:\/\/rdnews.al\/index.php\/wp-json\/wp\/v2\/posts"}],"about":[{"href":"https:\/\/rdnews.al\/index.php\/wp-json\/wp\/v2\/types\/post"}],"author":[{"embeddable":true,"href":"https:\/\/rdnews.al\/index.php\/wp-json\/wp\/v2\/users\/4"}],"replies":[{"embeddable":true,"href":"https:\/\/rdnews.al\/index.php\/wp-json\/wp\/v2\/comments?post=57772"}],"version-history":[{"count":0,"href":"https:\/\/rdnews.al\/index.php\/wp-json\/wp\/v2\/posts\/57772\/revisions"}],"wp:featuredmedia":[{"embeddable":true,"href":"https:\/\/rdnews.al\/index.php\/wp-json\/wp\/v2\/media\/57775"}],"wp:attachment":[{"href":"https:\/\/rdnews.al\/index.php\/wp-json\/wp\/v2\/media?parent=57772"}],"wp:term":[{"taxonomy":"category","embeddable":true,"href":"https:\/\/rdnews.al\/index.php\/wp-json\/wp\/v2\/categories?post=57772"},{"taxonomy":"post_tag","embeddable":true,"href":"https:\/\/rdnews.al\/index.php\/wp-json\/wp\/v2\/tags?post=57772"}],"curies":[{"name":"wp","href":"https:\/\/api.w.org\/{rel}","templated":true}]}}