{"id":57777,"date":"2023-09-27T20:21:51","date_gmt":"2023-09-27T20:21:51","guid":{"rendered":"https:\/\/rdnews.al\/?p=57777"},"modified":"2023-09-27T20:21:51","modified_gmt":"2023-09-27T20:21:51","slug":"vucic-mbron-kreun-e-terroristeve-radoicic-punon-per-te-miren-e-serbise-luftetar-lirie","status":"publish","type":"post","link":"https:\/\/rdnews.al\/index.php\/2023\/09\/27\/vucic-mbron-kreun-e-terroristeve-radoicic-punon-per-te-miren-e-serbise-luftetar-lirie\/","title":{"rendered":"Vu\u00e7i\u00e7 mbron kreun e terrorist\u00ebve, Radoi\u00e7i\u00e7: Punon p\u00ebr t\u00eb mir\u00ebn e Serbis\u00eb, luft\u00ebtar lirie"},"content":{"rendered":"<p>Presidenti i Serbis\u00eb, Aleksandar Vu\u00e7iq, tha se n\u00ebnkryetari i List\u00ebs Serbe, Millan Radoi\u00e7iq, gjendet n\u00eb Serbi dhe do t\u00eb merret n\u00eb pyetje nga organet serbe.<\/p>\n<p>\u201cAi definitivisht do t\u2019i p\u00ebrgjigjet ftes\u00ebs nga autoritetet kompetente n\u00eb Serbi. Republika e Serbis\u00eb dhe autoritetet kompetente do t\u00eb b\u00ebjn\u00eb pun\u00ebn e tyre\u201d, tha ai.<\/p>\n<p>N\u00eb nj\u00eb intervist\u00eb p\u00ebr Radio Televizionin e Serbis\u00eb, Vu\u00e7iq tha se Radoi\u00e7iqi gjendet n\u00eb territorin \u201ce Serbis\u00eb qendrore\u201d dhe mohoi se \u00ebsht\u00eb i plagosur.<\/p>\n<p>Kosova ka akuzuar Radoi\u00e7iqin se ka udh\u00ebhequr dhe ka marr\u00eb pjes\u00eb n\u00eb sulmin m\u00eb 24 shtator ku u vra nj\u00eb polic i Kosov\u00ebs dhe tre sulmues t\u00eb dyshuar.<\/p>\n<p>\u201cMillan Radoi\u00e7iq kurr\u00eb nuk \u00ebsht\u00eb fshehur, kurr\u00eb nuk \u00ebsht\u00eb turp\u00ebruar p\u00ebr rolin e tij&#8230; n\u00eb di\u00e7ka q\u00eb ka ndodhur q\u00eb nuk \u00ebsht\u00eb n\u00eb t\u00eb mir\u00eb t\u00eb Serbis\u00eb apo q\u00eb nuk i ka sjell dobi Serbis\u00eb\u201d, tha ai.<\/p>\n<p>\u201cAi e konsideron veten luft\u00ebtar t\u00eb liris\u00eb, ai kurr\u00eb nuk ka hequr dor\u00eb nga shok\u00ebt e tij dhe kurr\u00eb nuk do ta b\u00ebj\u00eb, por ka gj\u00ebra dhe pyetje q\u00eb ai duhet t\u2019iu p\u00ebrgjigjet\u201d, tha presidenti serb.<\/p>\n<p>P\u00ebr pjes\u00ebmarrjen e pretenduar t\u00eb Radoi\u00e7iqit n\u00eb sulmin ndaj Policis\u00eb \u2013 i cili \u00ebsht\u00eb n\u00ebn sanksione amerikane dhe k\u00ebrkohet n\u00eb Kosov\u00eb p\u00ebr frik\u00ebsimin e d\u00ebshmitar\u00ebve n\u00eb rastin gjyq\u00ebsor t\u00eb njohur si Brezovica \u2013 ministri i Pun\u00ebve t\u00eb Brendshme t\u00eb Kosov\u00ebs, Xhelal Sve\u00e7la, ka publikuar edhe nj\u00eb video t\u00eb incizuar me dron, q\u00eb tha se e shfaq zyrtarin e List\u00ebs Serbe n\u00eb Banjsk\u00eb.<\/p>\n<p>I pyetur p\u00ebr v\u00ebrtet\u00ebsin\u00eb e videos dhe n\u00ebse Radoi\u00e7iq ishte n\u00eb Banjsk\u00eb, Vu\u00e7iq tha se kjo do t\u00eb p\u00ebrcaktohet nga autoritetet kompetente.<\/p>\n<p>Kur u pyet p\u00ebr q\u00ebllimin e grupit t\u00eb armatosur q\u00eb sulmoi policin\u00eb e Kosov\u00ebs, Vu\u00e7iq tha:<\/p>\n<p>\u201cSi mund ta di k\u00ebt\u00eb, por jam i sigurt se ata shkuan t\u00eb ruanin sht\u00ebpit\u00eb e tyre dhe u p\u00ebrgatit\u00ebn p\u00ebr sulme n\u00eb t\u00eb ardhmen\u201d.<\/p>\n","protected":false},"excerpt":{"rendered":"<p>Presidenti i Serbis\u00eb, Aleksandar Vu\u00e7iq, tha se n\u00ebnkryetari i List\u00ebs Serbe, Millan Radoi\u00e7iq, gjendet n\u00eb Serbi dhe do t\u00eb merret n\u00eb pyetje nga organet serbe. \u201cAi definitivisht do t\u2019i p\u00ebrgjigjet ftes\u00ebs nga autoritetet kompetente n\u00eb Serbi. Republika e Serbis\u00eb dhe autoritetet kompetente do t\u00eb b\u00ebjn\u00eb pun\u00ebn e tyre\u201d, tha ai. N\u00eb nj\u00eb intervist\u00eb p\u00ebr Radio &hellip;<\/p>\n","protected":false},"author":4,"featured_media":57782,"comment_status":"open","ping_status":"open","sticky":false,"template":"","format":"standard","meta":{"footnotes":""},"categories":[38],"tags":[],"class_list":["post-57777","post","type-post","status-publish","format-standard","has-post-thumbnail","","category-bota"],"_links":{"self":[{"href":"https:\/\/rdnews.al\/index.php\/wp-json\/wp\/v2\/posts\/57777","targetHints":{"allow":["GET"]}}],"collection":[{"href":"https:\/\/rdnews.al\/index.php\/wp-json\/wp\/v2\/posts"}],"about":[{"href":"https:\/\/rdnews.al\/index.php\/wp-json\/wp\/v2\/types\/post"}],"author":[{"embeddable":true,"href":"https:\/\/rdnews.al\/index.php\/wp-json\/wp\/v2\/users\/4"}],"replies":[{"embeddable":true,"href":"https:\/\/rdnews.al\/index.php\/wp-json\/wp\/v2\/comments?post=57777"}],"version-history":[{"count":0,"href":"https:\/\/rdnews.al\/index.php\/wp-json\/wp\/v2\/posts\/57777\/revisions"}],"wp:featuredmedia":[{"embeddable":true,"href":"https:\/\/rdnews.al\/index.php\/wp-json\/wp\/v2\/media\/57782"}],"wp:attachment":[{"href":"https:\/\/rdnews.al\/index.php\/wp-json\/wp\/v2\/media?parent=57777"}],"wp:term":[{"taxonomy":"category","embeddable":true,"href":"https:\/\/rdnews.al\/index.php\/wp-json\/wp\/v2\/categories?post=57777"},{"taxonomy":"post_tag","embeddable":true,"href":"https:\/\/rdnews.al\/index.php\/wp-json\/wp\/v2\/tags?post=57777"}],"curies":[{"name":"wp","href":"https:\/\/api.w.org\/{rel}","templated":true}]}}