{"id":57796,"date":"2023-09-28T08:57:10","date_gmt":"2023-09-28T08:57:10","guid":{"rendered":"https:\/\/rdnews.al\/?p=57796"},"modified":"2023-09-28T08:57:10","modified_gmt":"2023-09-28T08:57:10","slug":"mbaroi-epoka-edi-rama-aleksander-vucic-te-dy-jane-ne-dite-zie","status":"publish","type":"post","link":"https:\/\/rdnews.al\/index.php\/2023\/09\/28\/mbaroi-epoka-edi-rama-aleksander-vucic-te-dy-jane-ne-dite-zie\/","title":{"rendered":"Mbaroi epoka Edi Rama- Aleksand\u00ebr Vu\u00e7i\u00e7! T\u00eb dy jan\u00eb n\u00eb dit\u00eb zie!"},"content":{"rendered":"<p><strong>Nga\u00a0Enver BYTY\u00c7I<\/strong><\/p>\n<p>N\u00ebse lexoni me v\u00ebmendje deklaratat e kryeministrit t\u00eb Shqip\u00ebris\u00eb, Edi Rama, p\u00ebr Kosov\u00ebn, p\u00ebrfshir\u00eb dhe k\u00ebt\u00eb t\u00eb fundit dit\u00ebn e sotme n\u00eb konferenc\u00eb p\u00ebr medie me ministrin e Jasht\u00ebm t\u00eb Italis\u00eb, ka nj\u00eb detaj q\u00eb vihet re: &#8211; Ai \u00ebsht\u00eb i gatsh\u00ebm t\u00eb konfrontohet verb\u00ebrisht me t\u00eb gjith\u00eb, me Borrellin e deri me Vladimir Putin. Por nuk ka guxuar e nuk guxon t\u00eb p\u00ebrmend\u00eb ende emrin e autorit kryesor t\u00eb situat\u00ebs s\u00eb terrorit n\u00eb Kosov\u00eb, presidentit t\u00eb Serbis\u00eb, Aleksand\u00ebr Vu\u00e7i\u00e7! P\u00ebrmend Serbin\u00eb, por jo presidentin e saj! P\u00ebrmend grupin e armatosur, por jo faktin se n\u00eb k\u00ebt\u00eb grup b\u00ebjn\u00eb pjes\u00eb miq t\u00eb presidentit serb! Flet p\u00ebr \u201cdite zie\u201d pa kuptim, por nuk pranon t\u00eb thot\u00eb se vendimmarr\u00ebsi i k\u00ebsaj dit\u00eb-zie \u00ebsht\u00eb Aleksand\u00ebr Vu\u00e7i\u00e7!<\/p>\n<p>N\u00eb t\u00eb kaluar\u00ebn, para 24 shtatorit Edi Rama ka marr\u00eb n\u00eb sh\u00ebnjest\u00ebr vazhdimisht Albin Kurtin. P\u00ebr \u00e7do gj\u00eb! Edhe p\u00ebr faje dhe krime t\u00eb Vu\u00e7i\u00e7i-it ai ka drejtuar gishtin nga Kurti. Por nuk ka guxuar ta qortoj\u00eb ose kritikoj\u00eb mikun e tij n\u00eb Beograd: &#8211; As kur em\u00ebroi si shef t\u00eb sh\u00ebrbimit sekret, spiunin e Rusis\u00eb, Vulin! As kur Vu\u00e7i\u00e7 deklaroi se \u201cZemra ime rreh n\u00eb Mosk\u00eb\u201d! As kur Da\u00e7i\u00e7 n\u00ebnshkroi marr\u00ebveshjen e bashk\u00ebpunimit diplomatik me diplomacin\u00eb ruse! P\u00ebrkundrazi, n\u00eb Tiran\u00eb vendosi n\u00eb krye t\u00eb SHIK-ut t\u00eb dyshuar\u00ebn p\u00ebr bashk\u00ebpunim me Aleksand\u00ebr Vulin! Dhe u tha lider\u00ebve t\u00eb NATO-s \u201cMos k\u00ebrkoni m\u00eb shum\u00eb se duhet nga Aleksand\u00ebr Vu\u00e7i\u00e7\u201d!<\/p>\n<p>K\u00ebto dit\u00eb Edi Rama ka filluar t\u00eb \u201csk\u00ebrpurthet\u201d disi lidhur me Kosov\u00ebn. Po sheh se dit\u00eb pas dite po i k\u00ebput\u00ebn fijet me Aleksand\u00ebr Vu\u00e7i\u00e7. Kjo do t\u00eb thot\u00eb se Rama dhe Vu\u00e7i\u00e7 kan\u00eb ardhur n\u00eb pushtet si pako e Per\u00ebndimit dhe po largohen p\u00ebrfundimisht po ashtu si pako anti- per\u00ebndimore! Sinjali i par\u00eb i fundit t\u00eb tyre ishte shk\u00ebputja nga grupi treshe i Hashim Tha\u00e7it! Kur Tha\u00e7it iu komunikua akt-akuza e prokuroris\u00eb Speciale dhe m\u00eb pas u arrestua mori goditje projekti i \u00e7mendur i shk\u00ebmbimit t\u00eb territoreve, ose ndarjes s\u00eb Kosov\u00ebs. Ndodhi kjo para tri vitesh! Goditja e dyt\u00eb dhe e pakthyeshme ishte koha kur Open Balkan u shpall si d\u00ebshtuar! Them i d\u00ebshtuar, sepse ai lindi pa kok\u00eb, pa zem\u00ebr e pa krah\u00eb dhe nj\u00eb trup pa k\u00ebto element\u00eb nuk mund t\u00eb vdes\u00eb! Thjesht lind pa jet\u00eb! N\u00eb t\u00eb nuk u bashkuan asnj\u00ebher\u00eb Kosova, Mali i Zi dhe Bosnj\u00eb-Hercegovina.<\/p>\n<p>D\u00ebshtimi i k\u00ebtij Projekt serb krijoi ndarjen e dyt\u00eb t\u00eb madhe midis pakos dyshe t\u00eb autokrat\u00ebve ballkanik\u00eb t\u00eb promovuar me aq entuziaz\u00ebm e buj\u00eb edhe nga Merkel, Macron dhe SHBA! Por kjo dyshe e shfaqi aleanc\u00ebn e saj deri n\u00eb momentin e fundit. Kur Albin Kurti promovoi kryetar\u00ebt e komunave n\u00eb veri qershorin e k\u00ebtij viti, Edi Rama ishte i pari q\u00eb politikisht e rrethoi kryeministrin e Kosov\u00ebs dhe Kosov\u00ebn me sanksione. Ia anuloi edhe mbledhjen e p\u00ebrbashk\u00ebt t\u00eb dy qeverive t\u00eb planifikuar p\u00ebr dat\u00ebn 26 qershor n\u00eb Gjakov\u00eb! Madje nj\u00eb nat\u00eb m\u00eb par\u00eb, pasi ishte p\u00ebrgatitur e dekoruar salla e k\u00ebsaj mbledhjeje! Pa kurrfar\u00eb arsyeje! Pa asnj\u00eb konsultim paraprak! Thjesht p\u00ebr t\u00eb d\u00ebrguar mesazhin se ishin Rama dhe Vu\u00e7i\u00e7 n\u00eb aleanc\u00eb me nj\u00ebri-tjetrin q\u00eb mund e duhej ta b\u00ebnin ligjin n\u00eb rajon dhe n\u00eb Kosov\u00eb!<\/p>\n<p>Kryeministri i Kosov\u00ebs nuk nxori \u201cbro\u00e7kulla\u201d nga goja. Thjesht e refuzoi kryeministrin e Shqip\u00ebris\u00eb. Nd\u00ebrkoh\u00eb aktin terrorist t\u00eb komandove serbe n\u00eb Zve\u00e7an zoti Rama po e p\u00ebrjeton si fundin e tij politik sa i p\u00ebrket ndikimit t\u00eb tij n\u00eb rajon. P\u00ebr k\u00ebt\u00eb arsye deklarata e tij e sotme n\u00eb prani t\u00eb zotit Tajvani shihet si manovrim politik p\u00ebr t\u00eb dh\u00ebn\u00eb mesazhe se \u201cai ka ende ndikim\u201d n\u00eb zhvillimet rajonale. \u201cNe nuk pranojm\u00eb\u201d! \u201cNe duam\u201d! \u201cNe k\u00ebrkojm\u00eb\u201d! K\u00ebto jan\u00eb pohimet e tij n\u00eb form\u00eb paternalizmi q\u00eb ai parashtroi sot. Duket qart\u00eb se ai nuk ka asnj\u00eb rol m\u00eb! Nuk i plas askujt as n\u00eb rajon, as n\u00eb Kosov\u00eb e madje as n\u00eb Evrop\u00eb e n\u00eb SHBA, n\u00ebse pranon ose jo Edi Rama! N\u00ebse do ose jo Edi Rama! N\u00ebse k\u00ebrkon apo jo Edi Rama! Tashm\u00eb faktori kryesor i t\u00eb gjitha zgjidhjeve dhe k\u00ebrkesave, interesave dhe vendimmarrjeve \u00ebsht\u00eb Albin Kurti. Nuk ka asnj\u00eb rol m\u00eb as vet\u00eb partneri i Kurtit n\u00eb dialog dhe miku i Edi Ram\u00ebs, Aleksand\u00ebr Vu\u00e7i\u00e7!<\/p>\n<p>N\u00eb k\u00ebto kushte kryeministri i Shqip\u00ebris\u00eb vet\u00ebm se vjen v\u00ebrdall\u00eb t\u00eb gjej\u00eb ndonj\u00eb vrim\u00eb miu, nga ku mund t\u00eb zvarritet edhe m\u00eb tej si njeri influencues n\u00eb rajonin ton\u00eb. Dit\u00eb t\u00eb k\u00ebqija po kalon. N\u00eb k\u00ebto dit\u00eb t\u00eb k\u00ebqija ai ndan fatkeq\u00ebsin\u00eb e tij vet\u00ebm me aleatin e nj\u00eb dekade, Aleksand\u00ebr Vu\u00e7i\u00e7! T\u00eb dy jan\u00eb n\u00eb dit\u00eb zie! Kan\u00eb humbur jo vet\u00ebm prestigjin, por edhe \u00e7do lloj ndikimi n\u00eb zhvillimet rajonale. Po afron dita e samitit t\u00eb Procesit t\u00eb Berlinit dhe at\u00eb dit\u00eb ai do t\u00eb duket shum\u00eb i vog\u00ebl p\u00ebrball\u00eb kryeministrit t\u00eb Kosov\u00ebs, Albin Kurti! I iku shansi q\u00eb t\u00eb luaj\u00eb kukafshehtazi me homologun e tij kosovar. Ashtu si\u00e7 i iku shansi Aleksand\u00ebr Vu\u00e7i\u00e7 t\u00eb guxoj\u00eb e ta shoh\u00eb n\u00eb sy Albin Kurtin!<\/p>\n<p>Ato maja rripa- rripa\u2026\u2026<\/p>\n","protected":false},"excerpt":{"rendered":"<p>Nga\u00a0Enver BYTY\u00c7I N\u00ebse lexoni me v\u00ebmendje deklaratat e kryeministrit t\u00eb Shqip\u00ebris\u00eb, Edi Rama, p\u00ebr Kosov\u00ebn, p\u00ebrfshir\u00eb dhe k\u00ebt\u00eb t\u00eb fundit dit\u00ebn e sotme n\u00eb konferenc\u00eb p\u00ebr medie me ministrin e Jasht\u00ebm t\u00eb Italis\u00eb, ka nj\u00eb detaj q\u00eb vihet re: &#8211; Ai \u00ebsht\u00eb i gatsh\u00ebm t\u00eb konfrontohet verb\u00ebrisht me t\u00eb gjith\u00eb, me Borrellin e deri me &hellip;<\/p>\n","protected":false},"author":4,"featured_media":48557,"comment_status":"open","ping_status":"open","sticky":false,"template":"","format":"standard","meta":{"footnotes":""},"categories":[44],"tags":[],"class_list":["post-57796","post","type-post","status-publish","format-standard","has-post-thumbnail","","category-editorial"],"_links":{"self":[{"href":"https:\/\/rdnews.al\/index.php\/wp-json\/wp\/v2\/posts\/57796","targetHints":{"allow":["GET"]}}],"collection":[{"href":"https:\/\/rdnews.al\/index.php\/wp-json\/wp\/v2\/posts"}],"about":[{"href":"https:\/\/rdnews.al\/index.php\/wp-json\/wp\/v2\/types\/post"}],"author":[{"embeddable":true,"href":"https:\/\/rdnews.al\/index.php\/wp-json\/wp\/v2\/users\/4"}],"replies":[{"embeddable":true,"href":"https:\/\/rdnews.al\/index.php\/wp-json\/wp\/v2\/comments?post=57796"}],"version-history":[{"count":0,"href":"https:\/\/rdnews.al\/index.php\/wp-json\/wp\/v2\/posts\/57796\/revisions"}],"wp:featuredmedia":[{"embeddable":true,"href":"https:\/\/rdnews.al\/index.php\/wp-json\/wp\/v2\/media\/48557"}],"wp:attachment":[{"href":"https:\/\/rdnews.al\/index.php\/wp-json\/wp\/v2\/media?parent=57796"}],"wp:term":[{"taxonomy":"category","embeddable":true,"href":"https:\/\/rdnews.al\/index.php\/wp-json\/wp\/v2\/categories?post=57796"},{"taxonomy":"post_tag","embeddable":true,"href":"https:\/\/rdnews.al\/index.php\/wp-json\/wp\/v2\/tags?post=57796"}],"curies":[{"name":"wp","href":"https:\/\/api.w.org\/{rel}","templated":true}]}}