{"id":57866,"date":"2023-09-28T15:47:54","date_gmt":"2023-09-28T15:47:54","guid":{"rendered":"https:\/\/rdnews.al\/?p=57866"},"modified":"2023-09-28T15:47:54","modified_gmt":"2023-09-28T15:47:54","slug":"kosova-kerkon-hetim-nderkombetar-per-serbine","status":"publish","type":"post","link":"https:\/\/rdnews.al\/index.php\/2023\/09\/28\/kosova-kerkon-hetim-nderkombetar-per-serbine\/","title":{"rendered":"Kosova k\u00ebrkon hetim nd\u00ebrkomb\u00ebtar p\u00ebr Serbin\u00eb"},"content":{"rendered":"<p>Kuvendi i Kosov\u00ebs e ka miratuar t\u00eb enjten nj\u00eb rezolut\u00eb, e cila e d\u00ebnon sulmin ndaj Policis\u00eb s\u00eb Kosov\u00ebs, m\u00eb 24 shtator, n\u00eb Banjsk\u00eb t\u00eb Zve\u00e7anit dhe p\u00ebrmend nevoj\u00ebn e nj\u00eb hetimi nd\u00ebrkomb\u00ebtar p\u00ebr Serbin\u00eb dhe rolin e saj n\u00eb k\u00ebt\u00eb sulm.<\/p>\n<p>Rezoluta \u00ebsht\u00eb miratuar me 97 vota p\u00ebr, asnj\u00eb vot\u00eb kund\u00ebr dhe asnj\u00eb abstenim. Si pasoj\u00eb e p\u00ebrleshjeve t\u00eb Policis\u00eb me nj\u00eb grup t\u00eb armatosur n\u00eb k\u00ebt\u00eb pjes\u00eb n\u00eb veri t\u00eb Kosov\u00ebs &#8211; t\u00eb banuar me shumic\u00eb serbe &#8211; kan\u00eb vdekur nj\u00eb zyrtar policor dhe tre sulmues.<\/p>\n<p>Seanca e 28 shtatorit n\u00eb Kuvend ka nisur me nj\u00eb minut\u00eb heshtje n\u00eb nderim t\u00eb zyrtarit policor t\u00eb vrar\u00eb Afrim Bunjaku &#8211; tashm\u00eb t\u00eb shpallur hero.<\/p>\n<p>N\u00eb prezantim t\u00eb rezolut\u00ebs, kryetari i Kuvendit t\u00eb Kosov\u00ebs, Glauk Konjufca, ka th\u00ebn\u00eb se ky institucion e d\u00ebnon sulmin ndaj Policis\u00eb s\u00eb Kosov\u00ebs n\u00eb termat m\u00eb t\u00eb ashp\u00ebr.<\/p>\n<p>\u201cSulmin terrorist t\u00eb organizuar nga Republika e Serbis\u00eb mbi Policin\u00eb e Kosov\u00ebs dhe k\u00ebrkon nga komuniteti nd\u00ebrkomb\u00ebtar q\u00eb ta ushtroj\u00eb ndikimin e tij p\u00ebr ta ballafaquar Serbin\u00eb me rolin e saj n\u00eb raport me organizimin dhe \u00e7far\u00ebdo mb\u00ebshtetjeje q\u00eb i ka b\u00ebr\u00eb grupit terrorist p\u00ebr sulmin n\u00eb veri t\u00eb Republik\u00ebs s\u00eb Kosov\u00ebs\u201d.<\/p>\n<p>Hetimet nd\u00ebrkomb\u00ebtare ndaj Serbis\u00eb jan\u00eb k\u00ebrkuar \u201clidhur me aktivitetet terroriste dhe vazhdimin e ekzistenc\u00ebs s\u00eb kampeve st\u00ebrvitore t\u00eb grupeve terroriste n\u00eb kampin e Serbis\u00eb\u201d.<\/p>\n<p>N\u00eb rezolut\u00eb \u00ebsht\u00eb vler\u00ebsuar edhe bashk\u00ebpunimi i Policis\u00eb s\u00eb Kosov\u00ebs me misionin e Bashkimit Evropian p\u00ebr sundim t\u00eb ligjit (EULEX) dhe misionin e NATO-s n\u00eb Kosov\u00eb, KFOR n\u00eb \u201caksionin e p\u00ebrbashk\u00ebt, p\u00ebr t\u2019i zmbrapsur dhe asgj\u00ebsuar sulmet terroriste t\u00eb organizuara nga Serbia n\u00eb veriun e vendit ton\u00eb\u201d.<br \/>\nMes tjerash, Konjufca ka th\u00ebn\u00eb se rezoluta k\u00ebrkon q\u00eb:<\/p>\n<p>\u2022\tinstitucionet e Kosov\u00ebs t\u00eb punojn\u00eb n\u00eb integrim t\u00eb plot\u00eb t\u00eb t\u00eb gjitha komuniteteve, pa dallim,<br \/>\n\u2022\tinkurajohet dhe mb\u00ebshtetet pluralizmi politik n\u00eb radh\u00ebt e komunitetit serb n\u00eb Kosov\u00eb,<br \/>\n\u2022\tk\u00ebrkohet nga Qeveria e Kosov\u00ebs q\u00eb t\u00eb bashk\u00ebpunoj\u00eb me aleat\u00ebt nd\u00ebrkomb\u00ebtar\u00eb, ve\u00e7an\u00ebrisht me Shtetet e Bashkuara p\u00ebr ta fuqizuar shtetin e s\u00eb drejt\u00ebs.<br \/>\nKryeministri i Kosov\u00ebs, Albin Kurti ka b\u00ebr\u00eb thirrje nga Kuvendi p\u00ebr sanksionim dhe nd\u00ebshkim t\u00eb Serbis\u00eb nga faktori nd\u00ebrkomb\u00ebtar p\u00ebr sulmin ndaj Policis\u00eb s\u00eb Kosov\u00ebs.<\/p>\n<p>\u201cN\u00ebse kalon e pand\u00ebshkuar, at\u00ebher\u00eb ajo [Serbia] do ta p\u00ebrs\u00ebris\u00eb krimin\u201d.<br \/>\nMes tjerash, Kurti ka b\u00ebr\u00eb thirrje q\u00eb organizatat Mbrojtja Civile dhe Brigada Veriore t\u00eb shpallen organizata terroriste nga shtetet partnere t\u00eb Kosov\u00ebs.<\/p>\n","protected":false},"excerpt":{"rendered":"<p>Kuvendi i Kosov\u00ebs e ka miratuar t\u00eb enjten nj\u00eb rezolut\u00eb, e cila e d\u00ebnon sulmin ndaj Policis\u00eb s\u00eb Kosov\u00ebs, m\u00eb 24 shtator, n\u00eb Banjsk\u00eb t\u00eb Zve\u00e7anit dhe p\u00ebrmend nevoj\u00ebn e nj\u00eb hetimi nd\u00ebrkomb\u00ebtar p\u00ebr Serbin\u00eb dhe rolin e saj n\u00eb k\u00ebt\u00eb sulm. Rezoluta \u00ebsht\u00eb miratuar me 97 vota p\u00ebr, asnj\u00eb vot\u00eb kund\u00ebr dhe asnj\u00eb abstenim. &hellip;<\/p>\n","protected":false},"author":4,"featured_media":57867,"comment_status":"open","ping_status":"open","sticky":false,"template":"","format":"standard","meta":{"footnotes":""},"categories":[38],"tags":[],"class_list":["post-57866","post","type-post","status-publish","format-standard","has-post-thumbnail","","category-bota"],"_links":{"self":[{"href":"https:\/\/rdnews.al\/index.php\/wp-json\/wp\/v2\/posts\/57866","targetHints":{"allow":["GET"]}}],"collection":[{"href":"https:\/\/rdnews.al\/index.php\/wp-json\/wp\/v2\/posts"}],"about":[{"href":"https:\/\/rdnews.al\/index.php\/wp-json\/wp\/v2\/types\/post"}],"author":[{"embeddable":true,"href":"https:\/\/rdnews.al\/index.php\/wp-json\/wp\/v2\/users\/4"}],"replies":[{"embeddable":true,"href":"https:\/\/rdnews.al\/index.php\/wp-json\/wp\/v2\/comments?post=57866"}],"version-history":[{"count":0,"href":"https:\/\/rdnews.al\/index.php\/wp-json\/wp\/v2\/posts\/57866\/revisions"}],"wp:featuredmedia":[{"embeddable":true,"href":"https:\/\/rdnews.al\/index.php\/wp-json\/wp\/v2\/media\/57867"}],"wp:attachment":[{"href":"https:\/\/rdnews.al\/index.php\/wp-json\/wp\/v2\/media?parent=57866"}],"wp:term":[{"taxonomy":"category","embeddable":true,"href":"https:\/\/rdnews.al\/index.php\/wp-json\/wp\/v2\/categories?post=57866"},{"taxonomy":"post_tag","embeddable":true,"href":"https:\/\/rdnews.al\/index.php\/wp-json\/wp\/v2\/tags?post=57866"}],"curies":[{"name":"wp","href":"https:\/\/api.w.org\/{rel}","templated":true}]}}