{"id":57873,"date":"2023-09-28T17:06:57","date_gmt":"2023-09-28T17:06:57","guid":{"rendered":"https:\/\/rdnews.al\/?p=57873"},"modified":"2023-09-28T17:08:22","modified_gmt":"2023-09-28T17:08:22","slug":"cfare-e-shantazhon-kaq-keq-ramen-qe-ben-kamikazin-e-vucicit","status":"publish","type":"post","link":"https:\/\/rdnews.al\/index.php\/2023\/09\/28\/cfare-e-shantazhon-kaq-keq-ramen-qe-ben-kamikazin-e-vucicit\/","title":{"rendered":"\u00c7far\u00eb e shantazhon kaq keq Ram\u00ebn q\u00eb b\u00ebn kamikazin e Vu\u00e7i\u00e7it!"},"content":{"rendered":"<p><strong>Nga Petrit VASILI<\/strong><\/p>\n<p>\u00c7far\u00eb e shantazhon kaq keq Ram\u00ebn q\u00eb b\u00ebn kamikazin e Vu\u00e7i\u00e7it!<\/p>\n<p>Ato qe Vu\u00e7i\u00e7 nuk i thote dot sepse pergjegjesite e tij jane shume te renda i tha sot Rama.<\/p>\n<p>\u2b1b\ufe0f\u00a0 Rama hodhi tezen m\u00eb malinje anti Kosove kur flet per njohje de facto nga Serbia.<\/p>\n<p>Kjo eshte teza me e dashur e Beogradit pasi njohja de facto eshte nje alibi shume e mire\u00a0 per Beogradin per te mos njohur kurre Kosoven dhe per te penguar anetaresimin e Kosoves ne institucionet nderkombetare.<\/p>\n<p>\u2b1b\ufe0f\u00a0 Rama kerkon marrjen e Veriut te Kosoves ne kontroll nga KFOR, duke bere megafonin e Vu\u00e7i\u00e7it, qe e kerkoi kete gje ne date 27 shtator.<\/p>\n<p>Rama duhej te kerkonte te kunderten ne se nuk do te ishte kamikaxe e Vuci\u00e7it, pra qe Forcat e Sigurise se Kosoves te perfshiheshin gjeresisht atje.<\/p>\n<p>Kjo eshte thjesht vazhdimi i projektit te zi per ndarjen e Kosoves.<\/p>\n<p>\u2b1b\ufe0f\u00a0 Rama sot vazhdoi avazin proserb te Konferences se Paqes.<\/p>\n<p>Kjo teze e neveritshme proserbe e Rames bie totalisht sepse ne Veri te Kosoves shteti po perballet me antishtetin kriminal, qe kerkon Serbia!<\/p>\n<p>Kushdo qe flet me kete gjuhe eshte proserb, i kapur keq nga interesa te tjera, qe ne cdo rast jane pjelle e nje bataku, qe vjen er\u00eb shovinizem dhe terrorizem shteteror<\/p>\n<p>Ne Veri te Kosoves nuk ka konflikt mes paleve, por agresion te shumellojshem te Serbise ndaj rendit Kushtetues, ndaj fuksionimit te institucioneve me mjete dhe menyra kriminale dhe te pista te \u00e7do lloji.<\/p>\n<p>Pra Serbia me mjete antishtet po kerkon ti imponohet Shtetit legjitim te Kosoves.<\/p>\n<p>Bojkotimi me urdher te Beogradit i te gjitha institucioneve nga serbet ne Veri te Kosoves duke e lene Veriun pa pushtet lokal, pa polici pa prokurori dhe pa gjykata do te thote ta lesh ate territor pa shtet.<\/p>\n<p>Dihet boterisht, qe atje ku shteti asgjesohet pushteti mbetet ne duart e krimit.<\/p>\n<p>Te gjitha veprimet e Kryeministrit Kurti dhe Qeverise se Kosoves kane qene saktesisht ne emer te vendosjes se Shtetit dhe perballjes me Antishtetin.<\/p>\n<p>\u2b1b\ufe0f\u00a0 Rama provokoi rende Kosoven dhe Albin Kurtin kur thote: \u201cNuk mund ta ket\u00eb gjith\u00eb bota gabim gjithmon\u00eb dhe ta ket\u00eb Albin Kurti t\u00eb drejt\u00eb gjithmon\u00eb, nuk \u00ebsht\u00eb e mundur kjo,<\/p>\n<p>Udh\u00ebheqja e Kosov\u00ebs i ka kusuret e veta tek dialogu\u201d.<\/p>\n<p>Pra Rama sot serish u shfaq nje provokator me regji te qarte anti Kosove!<\/p>\n<p>Si nje proserb i thekur teza e porositur qe Rama perserit si nje papagall eshte se Kosova qenka ne lufte me aleatet, perendimore, se Kosova ka zgjedhur luften dhe jo paqen, se Kosova kot lufton per sovranitet se ajo nuk eshte asgje por eshte toke e aleateve perendimore, se serbet dihet qe ata jane pra ti pranojme si te tille, jane teza te neveritshme qe edhe proserbet e deklaruar kujdesen te mos i thone kaq hapur.<\/p>\n<p>Telekomanduesit me regji te Rames, te cilet po humbasin perdite terren perballe qendrimit parimor, paqesor dhe kushtetues te Kosoves dhe Albin Kurtit kurdisin dhe rikurdisin kukullen provokatore Rama sa here, qe jane ne hall.<\/p>\n<p>Sa me shume humbet terren Serbia per shkak te rolit zjarrvenes dhe shovinist te saj aq me shume shton provokimet Rama.<\/p>\n<p>Provokimet e Rames jane sa te neveritshme\u00a0 aq edhe te urryera sepse :<\/p>\n<p>\u25aa\ufe0fSe pari. Konflikti eshte mes Serbise dhe nderkombetareve dhe jo mes Kosoves dhe aleateve.<\/p>\n<p>\u25aa\ufe0fSe dyti. Serbia po shkel dhunshem marreveshjen e Brukselit dhe Ohrit dhe jo Kosova.<\/p>\n<p>\u25aa\ufe0fSe treti Serbia me skenar te planifikuar terhoqi Kryetaret e Komunave ne Veri per te provokuar kolaps politik, mbajtje ndezur te konfliktit me qellimin per te fituar kohe dhe per tu bishtnuar zbatimit te marreveshjeve te Ohrit dhe Brukselit.<\/p>\n<p>\u25aa\ufe0fSe katerti. Zgjedhjet ne Veri te Kosoves u kryen me bekimin dje mbeshtetjen publike, te hapur dhe pa asnje ekuivok te nderkombetareve\u00a0 dhe ne kordinim te plote me ta bile edhe duke shtyre disa muaj mbajtjen e tyre dhe duke percaktuar nje mandat te te pjesshem e te kufizuar ne kohe.<\/p>\n<p>\u25aa\ufe0fSe pesti Zgjedhjet u pershendeten hapur dhe publikisht nga nderkombetaret, qe paralajmeruan kedo qe do te pengonte konstituimin e Kryetareve te sapozgjedhur.<\/p>\n<p>\u25aa\ufe0fSe gjashti Ne respekt te Kushtetutes dhe Ligjit Kryetaret e rinj te Komunave shkuan te marrin detyren dhe sigurojne sherbimet baze per qytetaret perfshire edhe ata serbe.<\/p>\n<p>\u25aa\ufe0fSe shtati Kriminele dhe paramilitare serbe te armatosur organizuan perleshje te egra ku u vra polici kosovar Bunjaku.<\/p>\n<p>Edhe pak muaj me pare nuk kursyen as forcat e KFOR ku u plagosen 25 ushtare te tij si dhe sulmuan policine, qe ne menyre Kushtetuese mbeshteti vajtjen ne detyre te Kryetareve te rinj te komunave.<\/p>\n<p>PERFUNDIM:<\/p>\n<p>Pra provokatori me regji Rama nuk eshte ne gjendje qe te thote qofte edhe nje fjali te vetme se ku paska gabuar Kosova, por i porositur perserit se Kosova po luan luftash.<\/p>\n<p>Provokatoret ne Veri, ushtruesit e dhunes me te eger anti Kushtetute dhe antiligj jane Vu\u00e7i\u00e7i dhe Serbia, por provokatori Rama as guxon t\u2019jua zere emrin ne goje sepse eshte peng i tyre dhe perpiqet me cdo shpifje qe te fajesoje Kosoven<\/p>\n<p>E vetmja provokatore dhe luftenxitese eshte Serbia dhe nuk ekziston as edhe nje fakt i vetem, qe te provoje te kunderten.<\/p>\n<p>Pra nuk ka as \u00e7eshtje, as problem dhe aq me pak lufte mes Kosoves euroatlantike dhe aleateve euroatlantike.<\/p>\n<p>Perkundrazi\u00a0 ka vetem nje lufte e konflikt te vazhdueshem dhe eshte ai mes Serbise dhe euroantlantizmit,\u00a0 si dimension i papranueshem per aksin Beograd Moske.<\/p>\n<p>Neveri per provokatorin me regji Edi Rama ketij sherbetori te palodhur antishqiptar te te keqes, te anti Kosoves dhe te antiligjit.<\/p>\n","protected":false},"excerpt":{"rendered":"<p>Nga Petrit VASILI \u00c7far\u00eb e shantazhon kaq keq Ram\u00ebn q\u00eb b\u00ebn kamikazin e Vu\u00e7i\u00e7it! Ato qe Vu\u00e7i\u00e7 nuk i thote dot sepse pergjegjesite e tij jane shume te renda i tha sot Rama. \u2b1b\ufe0f\u00a0 Rama hodhi tezen m\u00eb malinje anti Kosove kur flet per njohje de facto nga Serbia. Kjo eshte teza me e dashur &hellip;<\/p>\n","protected":false},"author":4,"featured_media":0,"comment_status":"open","ping_status":"open","sticky":false,"template":"","format":"standard","meta":{"footnotes":""},"categories":[44],"tags":[],"class_list":["post-57873","post","type-post","status-publish","format-standard","","category-editorial"],"_links":{"self":[{"href":"https:\/\/rdnews.al\/index.php\/wp-json\/wp\/v2\/posts\/57873","targetHints":{"allow":["GET"]}}],"collection":[{"href":"https:\/\/rdnews.al\/index.php\/wp-json\/wp\/v2\/posts"}],"about":[{"href":"https:\/\/rdnews.al\/index.php\/wp-json\/wp\/v2\/types\/post"}],"author":[{"embeddable":true,"href":"https:\/\/rdnews.al\/index.php\/wp-json\/wp\/v2\/users\/4"}],"replies":[{"embeddable":true,"href":"https:\/\/rdnews.al\/index.php\/wp-json\/wp\/v2\/comments?post=57873"}],"version-history":[{"count":0,"href":"https:\/\/rdnews.al\/index.php\/wp-json\/wp\/v2\/posts\/57873\/revisions"}],"wp:attachment":[{"href":"https:\/\/rdnews.al\/index.php\/wp-json\/wp\/v2\/media?parent=57873"}],"wp:term":[{"taxonomy":"category","embeddable":true,"href":"https:\/\/rdnews.al\/index.php\/wp-json\/wp\/v2\/categories?post=57873"},{"taxonomy":"post_tag","embeddable":true,"href":"https:\/\/rdnews.al\/index.php\/wp-json\/wp\/v2\/tags?post=57873"}],"curies":[{"name":"wp","href":"https:\/\/api.w.org\/{rel}","templated":true}]}}