{"id":57885,"date":"2023-09-28T17:52:49","date_gmt":"2023-09-28T17:52:49","guid":{"rendered":"https:\/\/rdnews.al\/?p=57885"},"modified":"2023-09-28T17:52:49","modified_gmt":"2023-09-28T17:52:49","slug":"dash-vrasja-e-policit-ne-kosove-nuk-mund-te-barazohet-me-ate-te-sulmuesve","status":"publish","type":"post","link":"https:\/\/rdnews.al\/index.php\/2023\/09\/28\/dash-vrasja-e-policit-ne-kosove-nuk-mund-te-barazohet-me-ate-te-sulmuesve\/","title":{"rendered":"DASH: Vrasja e policit n\u00eb Kosov\u00eb nuk mund t\u00eb barazohet me at\u00eb t\u00eb sulmuesve"},"content":{"rendered":"<p>Shtetet e Bashkuara t\u00eb Amerik\u00ebs kund\u00ebrshtojn\u00eb p\u00ebrpjekjet q\u00eb t\u00eb barazohet vrasja e rreshterit t\u00eb Kosov\u00ebs, Afrim Bunjaku, me sulmuesit \u201cq\u00eb ishin t\u00eb p\u00ebrfshir\u00eb n\u00eb vrasjen\u201d e tij.<\/p>\n<p>K\u00ebshtu tha p\u00ebr Radion Evropa e Lir\u00eb z\u00ebdh\u00ebn\u00ebsi i Departamentit amerikan t\u00eb Shtetit, Mathew Miller, n\u00eb pyetjen lidhur me at\u00eb se si SHBA-ja i cil\u00ebson personat q\u00eb sulmuan Policin\u00eb e Kosov\u00ebs n\u00eb Banjsk\u00eb t\u00eb Zve\u00e7anit m\u00eb 24 shtator.<\/p>\n<p>\u201cNe kemi qen\u00eb shum\u00eb t\u00eb qart\u00eb: SHBA-ja d\u00ebnon fuqish\u00ebm sulmet e koordinuara dhe t\u00eb dhunshme ndaj Policis\u00eb s\u00eb Kosov\u00ebs m\u00eb 24 shtator dhe ne shprehim ngush\u00ebllime p\u00ebr familjen e rreshterit t\u00eb Policis\u00eb s\u00eb Kosov\u00ebs i cili u vra gjat\u00eb detyr\u00ebs. Ne kund\u00ebrshtojm\u00eb p\u00ebrpjekjet p\u00ebr t\u00eb barazuar vdekjen tragjike t\u00eb rreshterit t\u00eb Policis\u00eb s\u00eb Kosov\u00ebs [Afrim] Bunjaku me vdekjen e individ\u00ebve q\u00eb ishin t\u00eb p\u00ebrfshir\u00eb n\u00eb vrasjen e nj\u00eb polici. P\u00ebrgjegj\u00ebsit duhet t\u00eb dalin para drejt\u00ebsis\u00eb p\u00ebrmes nj\u00eb procesi hetimor transparent. Ky hetim \u00ebsht\u00eb duke u zhvilluar\u201d, tha Miller.<\/p>\n<p>M\u00eb 24 shtator, Policia e Kosov\u00ebs u sulmua n\u00eb Banjsk\u00eb t\u00eb Zve\u00e7anit, teksa po kryente nj\u00eb operacion p\u00ebr heqjen e nj\u00eb barrikade t\u00eb vendosur n\u00eb rrug\u00eb.<\/p>\n<p>Si pasoj\u00eb e sulmit mbeti i vrar\u00eb rreshteri Afrim Bunjaku dhe u plagos\u00ebn disa polic\u00eb t\u00eb tjer\u00eb.<\/p>\n<p>Sulmuesit e dyshuar \u2013 q\u00eb sipas autoriteteve n\u00eb Kosov\u00eb ishin rreth 30 \u2013 u strehuan n\u00eb manastirin e Banjsk\u00ebs dhe prej aty vazhduan p\u00ebrleshjet me Policin\u00eb.<\/p>\n<p>Tre sulmues t\u00eb dyshuar mbet\u00ebn t\u00eb vrar\u00eb gjat\u00eb shk\u00ebmbimit t\u00eb zjarrit, nd\u00ebrkaq kat\u00ebr persona jan\u00eb arrestuar p\u00ebr k\u00ebt\u00eb sulm, q\u00eb Kosova e konsideron terrorist dhe p\u00ebr t\u00eb e faj\u00ebson Serbin\u00eb.<\/p>\n<p>Beogradi ka mohuar se ka gisht n\u00eb k\u00ebt\u00eb ngjarje.<\/p>\n<p>M\u00eb 27 shtator n\u00eb Serbi u shpall dit\u00eb zie p\u00ebr tre serb\u00ebt e vrar\u00eb n\u00eb Banjsk\u00eb. Ky vendim u kritikua edhe nga Bashkimi Evropian. Z\u00ebdh\u00ebn\u00ebsi i bllokut, Peter Stano, deklaroi se \u201cnuk mund t\u00eb barazohen viktimat e terrorizmit me terrorist\u00ebt\u201d.<\/p>\n<p>Presidenti i Serbis\u00eb, Aleksandar Vu\u00e7iq, tha m\u00eb 27 shtator se ai kurr\u00eb nuk mund t\u2019i cil\u00ebsoi si \u201cterrorist\u00eb\u201d pjes\u00ebtar\u00ebt e grupit t\u00eb armatosur q\u00eb sulmuan Policin\u00eb e Kosov\u00ebs.<\/p>\n<p>Zyrtar\u00ebt n\u00eb Kosov\u00eb kan\u00eb th\u00ebn\u00eb se n\u00ebnkryetari i List\u00ebs Serbe, Millan Radoi\u00e7iq, ka udh\u00ebhequr dhe ka marr\u00eb pjes\u00eb n\u00eb sulmin n\u00eb veri.<\/p>\n<p>Radoi\u00e7iq \u2013 q\u00eb \u00ebsht\u00eb n\u00ebn sanksione amerikane \u2013 sipas presidentit serb do t\u00eb merret n\u00eb pyetje nga organet kompetente serbe.<\/p>\n","protected":false},"excerpt":{"rendered":"<p>Shtetet e Bashkuara t\u00eb Amerik\u00ebs kund\u00ebrshtojn\u00eb p\u00ebrpjekjet q\u00eb t\u00eb barazohet vrasja e rreshterit t\u00eb Kosov\u00ebs, Afrim Bunjaku, me sulmuesit \u201cq\u00eb ishin t\u00eb p\u00ebrfshir\u00eb n\u00eb vrasjen\u201d e tij. K\u00ebshtu tha p\u00ebr Radion Evropa e Lir\u00eb z\u00ebdh\u00ebn\u00ebsi i Departamentit amerikan t\u00eb Shtetit, Mathew Miller, n\u00eb pyetjen lidhur me at\u00eb se si SHBA-ja i cil\u00ebson personat q\u00eb sulmuan &hellip;<\/p>\n","protected":false},"author":4,"featured_media":0,"comment_status":"open","ping_status":"open","sticky":false,"template":"","format":"standard","meta":{"footnotes":""},"categories":[38],"tags":[],"class_list":["post-57885","post","type-post","status-publish","format-standard","","category-bota"],"_links":{"self":[{"href":"https:\/\/rdnews.al\/index.php\/wp-json\/wp\/v2\/posts\/57885","targetHints":{"allow":["GET"]}}],"collection":[{"href":"https:\/\/rdnews.al\/index.php\/wp-json\/wp\/v2\/posts"}],"about":[{"href":"https:\/\/rdnews.al\/index.php\/wp-json\/wp\/v2\/types\/post"}],"author":[{"embeddable":true,"href":"https:\/\/rdnews.al\/index.php\/wp-json\/wp\/v2\/users\/4"}],"replies":[{"embeddable":true,"href":"https:\/\/rdnews.al\/index.php\/wp-json\/wp\/v2\/comments?post=57885"}],"version-history":[{"count":0,"href":"https:\/\/rdnews.al\/index.php\/wp-json\/wp\/v2\/posts\/57885\/revisions"}],"wp:attachment":[{"href":"https:\/\/rdnews.al\/index.php\/wp-json\/wp\/v2\/media?parent=57885"}],"wp:term":[{"taxonomy":"category","embeddable":true,"href":"https:\/\/rdnews.al\/index.php\/wp-json\/wp\/v2\/categories?post=57885"},{"taxonomy":"post_tag","embeddable":true,"href":"https:\/\/rdnews.al\/index.php\/wp-json\/wp\/v2\/tags?post=57885"}],"curies":[{"name":"wp","href":"https:\/\/api.w.org\/{rel}","templated":true}]}}