{"id":57888,"date":"2023-09-28T18:00:38","date_gmt":"2023-09-28T18:00:38","guid":{"rendered":"https:\/\/rdnews.al\/?p=57888"},"modified":"2023-09-28T18:00:38","modified_gmt":"2023-09-28T18:00:38","slug":"eulex-pergenjeshtron-vucicin-dhe-serbine-lidhur-me-sulmin-terrorist-ne-banjske","status":"publish","type":"post","link":"https:\/\/rdnews.al\/index.php\/2023\/09\/28\/eulex-pergenjeshtron-vucicin-dhe-serbine-lidhur-me-sulmin-terrorist-ne-banjske\/","title":{"rendered":"EULEX p\u00ebrg\u00ebnjeshtron Vu\u00e7i\u00e7in dhe Serbin\u00eb lidhur me sulmin terrorist n\u00eb Banjsk\u00eb"},"content":{"rendered":"<p>Misioni i Bashkimit Evropian p\u00ebr Sundim t\u00eb Ligjit n\u00eb Kosov\u00eb (EULEX) hodhi posht\u00eb pretendimet e zyrtar\u00ebve serb\u00eb se nuk \u00ebsht\u00eb lejuar q\u00eb t\u00eb marr\u00eb pjes\u00eb n\u00eb operacionin policor m\u00eb 24 shtator n\u00eb Banjsk\u00eb, pasi u sulmua Policia e Kosov\u00ebs.<\/p>\n<p>\u201cEULEX-i n\u00eb asnj\u00eb m\u00ebnyr\u00eb nuk \u00ebsht\u00eb ndaluar q\u00eb t\u00eb marr\u00eb pjes\u00eb apo t\u00eb v\u00ebzhgoj\u00eb operacionet q\u00eb jan\u00eb kryer nga Policia e Kosov\u00ebs m\u00eb 24 shtator\u201d, than\u00eb p\u00ebr Radion Evropa e Lir\u00eb nga ky mision i bllokut evropian.<\/p>\n<p>Presidenti i Serbis\u00eb, Aleksandar Vu\u00e7iq, dhe shefi i zyr\u00ebs p\u00ebr Kosov\u00ebn n\u00eb Qeverin\u00eb serbe,\u00a0Petar Petkoviq, kan\u00eb th\u00ebn\u00eb se Kosova nuk e lejoi EULEX-in q\u00eb t\u00eb marr\u00eb pjes\u00eb n\u00eb operacionin policor, pasi nj\u00eb grup i armatosur sulmoi Policin\u00eb e Kosov\u00ebs n\u00eb Banjsk\u00eb t\u00eb Zve\u00e7anit.<\/p>\n<p>Vu\u00e7iq gjat\u00eb nj\u00eb takimi me p\u00ebrfaq\u00ebsuesit e QUINT-it dhe Bashkimit Evropian m\u00eb 26 shtator, tha se i ka pyetur ata pse \u201cEULEX-i \u00ebsht\u00eb refuzuar\u201d q\u00eb t\u00eb marr\u00eb pjes\u00eb n\u00eb operacionin n\u00eb veri.<\/p>\n<p>\u201cPas sulmit t\u00eb kryer ndaj Policis\u00eb s\u00eb Kosov\u00ebs dhe m\u00eb pas intervenimit t\u00eb Policis\u00eb, patrullat mobile t\u00eb nj\u00ebsis\u00eb policore t\u00eb EULEX-it dhe Nj\u00ebsis\u00eb policore rezerv\u00eb, por edhe pjes\u00ebtar\u00eb t\u00eb tjer\u00eb t\u00eb stafit t\u00eb EULEX-it kan\u00eb qen\u00eb n\u00eb kontakt t\u00eb ngusht\u00eb me Policin\u00eb e Kosov\u00ebs dhe kan\u00eb shkuar n\u00eb zon\u00ebn p\u00ebrreth manastirit t\u00eb Banjsk\u00ebs n\u00eb veri t\u00eb Kosov\u00ebs\u201d, than\u00eb nga EULEX-i.<\/p>\n<p>Nga ky mision shtuan se kan\u00eb monitoruar nga af\u00ebr operacionin policor dhe kan\u00eb qen\u00eb n\u00eb kontakt t\u00eb ngusht\u00eb me Policin\u00eb e Kosov\u00ebs dhe misionin paqeruajt\u00ebs t\u00eb NATO-s n\u00eb Kosov\u00eb, KFOR.<\/p>\n<p>Grupi i maskuar dhe i armatosur \u2013 q\u00eb sipas autoriteteve n\u00eb Kosov\u00eb p\u00ebrb\u00ebhej prej rreth 30 personash \u2013 fillimisht sulmoi Policin\u00eb e Kosov\u00ebs n\u00eb Banjsk\u00eb, teksa autoritetet e rendit nis\u00ebn nj\u00eb aksion p\u00ebr heqjen e nj\u00eb barrikade n\u00eb rrug\u00eb.<\/p>\n<p>M\u00eb pas, sulmuesit u strehuan n\u00eb manastirin e Banjsk\u00ebs dhe prej aty u p\u00ebrlesh\u00ebn gjat\u00eb gjith\u00eb dit\u00ebs me zyrtar\u00ebt policor\u00eb. Si pasoj\u00eb e shk\u00ebmbimit t\u00eb zjarrit, tre sulmues t\u00eb dyshuar jan\u00eb vrar\u00eb.<\/p>\n<p>Si Vu\u00e7iq, ashtu edhe Petkoviq, kan\u00eb pretenduar se dy serb\u00eb jan\u00eb vrar\u00eb pasi jan\u00eb dor\u00ebzuar dhe kan\u00eb k\u00ebrkuar q\u00eb EULEX-i t\u00eb p\u00ebrfshihet n\u00eb hetime dhe q\u00eb ky mision t\u00eb nd\u00ebrmjet\u00ebsoj\u00eb lejimin e hetuesve serb\u00eb t\u00eb kryejn\u00eb autopsin\u00eb e sulmuesve t\u00eb vrar\u00eb.<\/p>\n<p>Ky mision i BE-s\u00eb nuk tregoi n\u00ebse ka pranuar nj\u00eb k\u00ebrkes\u00eb t\u00eb till\u00eb nga Serbia, por tha se nuk ka \u201cmandat ekzekutiv p\u00ebr t\u00eb kryer hetime\u201d.<\/p>\n<p>\u201cMisioni ka monitoruar dhe do t\u00eb vazhdoj\u00eb t\u00eb monitoroj\u00eb aktivitetet e kryera nga autoritetet n\u00eb Kosov\u00eb q\u00eb lidhen me sulmin, sikurse hetimet, konfiskimet dhe bastisjet. N\u00eb p\u00ebrputhje me mandatin q\u00eb kan\u00eb dhe me legjislacionin e Kosov\u00ebs, p\u00ebrfaq\u00ebsuesit e EULEX-it ishin t\u00eb pranish\u00ebm gjat\u00eb kryerjes s\u00eb autopsis\u00eb, n\u00eb cil\u00ebsin\u00eb e monitoruesve\u201d, u tha n\u00eb p\u00ebrgjigjen e EULEX-it.<\/p>\n<p>Kosova ka faj\u00ebsuar Serbin\u00eb p\u00ebr sulmin n\u00eb Banjsk\u00eb, t\u00eb cil\u00ebn e cil\u00ebson si sulm terrorist dhe ka k\u00ebrkuar t\u00eb kryhet nj\u00eb hetim nd\u00ebrkomb\u00ebtar p\u00ebr k\u00ebt\u00eb ngjarje. Serbia ka mohuar se ka gisht n\u00eb k\u00ebt\u00eb ngjarje.<\/p>\n<p>Sulmi \u00ebsht\u00eb d\u00ebnuar fuqish\u00ebm nga Shtetet e Bashkuara dhe Bashkimi Evropian.\/ REL\/<\/p>\n","protected":false},"excerpt":{"rendered":"<p>Misioni i Bashkimit Evropian p\u00ebr Sundim t\u00eb Ligjit n\u00eb Kosov\u00eb (EULEX) hodhi posht\u00eb pretendimet e zyrtar\u00ebve serb\u00eb se nuk \u00ebsht\u00eb lejuar q\u00eb t\u00eb marr\u00eb pjes\u00eb n\u00eb operacionin policor m\u00eb 24 shtator n\u00eb Banjsk\u00eb, pasi u sulmua Policia e Kosov\u00ebs. \u201cEULEX-i n\u00eb asnj\u00eb m\u00ebnyr\u00eb nuk \u00ebsht\u00eb ndaluar q\u00eb t\u00eb marr\u00eb pjes\u00eb apo t\u00eb v\u00ebzhgoj\u00eb operacionet q\u00eb &hellip;<\/p>\n","protected":false},"author":4,"featured_media":57889,"comment_status":"open","ping_status":"open","sticky":false,"template":"","format":"standard","meta":{"footnotes":""},"categories":[38],"tags":[],"class_list":["post-57888","post","type-post","status-publish","format-standard","has-post-thumbnail","","category-bota"],"_links":{"self":[{"href":"https:\/\/rdnews.al\/index.php\/wp-json\/wp\/v2\/posts\/57888","targetHints":{"allow":["GET"]}}],"collection":[{"href":"https:\/\/rdnews.al\/index.php\/wp-json\/wp\/v2\/posts"}],"about":[{"href":"https:\/\/rdnews.al\/index.php\/wp-json\/wp\/v2\/types\/post"}],"author":[{"embeddable":true,"href":"https:\/\/rdnews.al\/index.php\/wp-json\/wp\/v2\/users\/4"}],"replies":[{"embeddable":true,"href":"https:\/\/rdnews.al\/index.php\/wp-json\/wp\/v2\/comments?post=57888"}],"version-history":[{"count":0,"href":"https:\/\/rdnews.al\/index.php\/wp-json\/wp\/v2\/posts\/57888\/revisions"}],"wp:featuredmedia":[{"embeddable":true,"href":"https:\/\/rdnews.al\/index.php\/wp-json\/wp\/v2\/media\/57889"}],"wp:attachment":[{"href":"https:\/\/rdnews.al\/index.php\/wp-json\/wp\/v2\/media?parent=57888"}],"wp:term":[{"taxonomy":"category","embeddable":true,"href":"https:\/\/rdnews.al\/index.php\/wp-json\/wp\/v2\/categories?post=57888"},{"taxonomy":"post_tag","embeddable":true,"href":"https:\/\/rdnews.al\/index.php\/wp-json\/wp\/v2\/tags?post=57888"}],"curies":[{"name":"wp","href":"https:\/\/api.w.org\/{rel}","templated":true}]}}