{"id":57987,"date":"2023-09-29T11:46:05","date_gmt":"2023-09-29T11:46:05","guid":{"rendered":"https:\/\/rdnews.al\/?p=57987"},"modified":"2023-09-29T11:47:23","modified_gmt":"2023-09-29T11:47:23","slug":"berisha-diten-e-aktit-terrorist-edi-rama-e-ka-paraqitur-i-pari-ne-nju-jork-idene-qe-veriu-te-kontrollohet-nga-kfor","status":"publish","type":"post","link":"https:\/\/rdnews.al\/index.php\/2023\/09\/29\/berisha-diten-e-aktit-terrorist-edi-rama-e-ka-paraqitur-i-pari-ne-nju-jork-idene-qe-veriu-te-kontrollohet-nga-kfor\/","title":{"rendered":"Berisha: Dit\u00ebn e aktit terrorist, Edi Rama e ka paraqitur i pari n\u00eb Nju Jork iden\u00eb q\u00eb veriu t\u00eb kontrollohet nga KFOR"},"content":{"rendered":"<p>Kryetari i PD, Sali Berisha tha gjat\u00eb konferenc\u00ebs p\u00ebr shtyp se, dit\u00ebn e aktit terrorist, Edi Rama e ka paraqitur i pari n\u00eb Nju Jork iden\u00eb q\u00eb veriu t\u00eb kontrollohet nga KFOR. Berisha shtroi pyetjen, \u00e7far\u00eb e shtyn k\u00ebt\u00eb q\u00eb merr e d\u00ebrgon draftin e asociacionit?<br \/>\n\u201cNuk p\u00ebrjashtoj q\u00eb Edi Rama t\u00eb jet\u00eb promotori i par\u00eb i projektit t\u00eb ndarjes s\u00eb Kosov\u00ebs dhe ta ket\u00eb marr\u00eb direkt nga Aleksand\u00ebr Vu\u00e7i\u00e7. \u00cbsht\u00eb zhvilluar nj\u00eb takim me kat\u00ebr sy n\u00eb Beograd. N\u00eb at\u00eb takim me kat\u00ebr sy, ai projekt ka qen\u00eb \u00e7\u00ebshtje kryesore, sipas disa burimeve serioze.<br \/>\nNatyrisht nuk mund t\u00eb mohoj q\u00eb n\u00eb m\u00ebnyr\u00eb t\u00eb gabuar, u p\u00ebrqafua nga nj\u00eb pjes\u00eb e udh\u00ebheqjes politike t\u00eb Kosov\u00ebs. Ai projekt \u00ebsht\u00eb i vdekur n\u00eb m\u00ebnyr\u00eb p\u00ebrfundimtare. Sikund\u00ebr, m\u00eb duhet ta them se edhe modeli i deritanish\u00ebm u ekzekutua n\u00eb Banjsk\u00eb.<br \/>\nMe k\u00ebt\u00eb nuk dua t\u00eb them dialogu, por modeli. Uroj q\u00eb komuniteti nd\u00ebrkomb\u00ebtar, t\u00eb realizoj\u00eb se n\u00eb ato komuna dhe at\u00eb pjes\u00eb t\u00eb Kosov\u00ebs, po zhvillohet nj\u00eb betej\u00eb midis Rusis\u00eb-Serbis\u00eb dhe bot\u00ebs s\u00eb lir\u00eb, NATO-s.<br \/>\nPo zhvillohet nj\u00eb betej\u00eb p\u00ebr triumfin e rusomadhis\u00eb dhe serbomadhis\u00eb n\u00eb rajon. Po p\u00ebrdoret nj\u00eb motiv si\u00e7 \u00ebsht\u00eb asociacioni p\u00ebr t\u00eb bllokuar \u00e7do gj\u00eb. Banjska tregoi se \u00e7far\u00eb n\u00ebnkupton Aleksand\u00ebr Vu\u00e7i\u00e7 me asociacionin.<br \/>\nUn\u00eb e mir\u00ebkuptoj k\u00ebrkes\u00ebn p\u00ebr nj\u00eb hetim t\u00eb plot\u00eb, por kam besim, se si\u00e7 e keni v\u00ebn\u00eb re ju, edhe KFOR, edhe EULEX kan\u00eb qen\u00eb n\u00eb deklarata n\u00eb linj\u00eb, kan\u00eb qen\u00eb t\u00eb pranishme aty. Se Vu\u00e7i\u00e7 thot\u00eb se nuk kan\u00eb qen\u00eb. Por EULEX u p\u00ebrgjigj se kan\u00eb qen\u00eb aty.<br \/>\nKan\u00eb \u00e7do fakt dhe dokument p\u00ebr t\u00eb nxjerr\u00eb konkluzionet e duhura. T\u00eb mos ecet m\u00eb si me polic\u00ebt-pengje q\u00eb nuk dihet se ku u mor\u00ebn. Se nuk ec\u00ebn m\u00eb.<br \/>\nN\u00eb k\u00ebt\u00eb kontekst, pretendimi, insistimi p\u00ebr nj\u00eb Repubblika Srpska n\u00eb Kosov\u00eb, p\u00ebr nj\u00eb asociacion ekstrakushtetues, q\u00eb do t\u00eb thot\u00eb shtet serb n\u00eb Kosov\u00eb, do t\u00eb ishte katastrof\u00eb p\u00ebr rajonin. Jo vet\u00ebm p\u00ebr Kosov\u00ebn. Do ecnim drejt nj\u00eb konflikti t\u00eb ri.<br \/>\nDhe, akoma m\u00eb i rreziksh\u00ebm q\u00ebndrimi i Edi Ram\u00ebs, q\u00eb p\u00ebr shkak t\u00eb akteve q\u00eb nd\u00ebrmerr Vu\u00e7i\u00e7i, t\u00eb kapitullojm\u00eb.<br \/>\n\u00c7\u2019e shtyn k\u00ebt\u00eb q\u00eb merr e d\u00ebrgon draftin e asociacionit? Kryeministri i Kosov\u00ebs \u00ebsht\u00eb ky? Ky \u00ebsht\u00eb nj\u00eb person i inkriminuar kok\u00eb e k\u00ebmb\u00eb, q\u00eb e pret ishulli Rikers me McGonigal, q\u00eb e presin dit\u00ebn q\u00eb ik\u00ebn nga pushteti, t\u00eb gjitha dosjet. Nuk do ket\u00eb kurr\u00eb amnisti p\u00ebr t\u00eb. I din ai, ndaj p\u00ebrzihet n\u00eb k\u00ebt\u00eb m\u00ebnyr\u00eb.<br \/>\nThash\u00eb, ajo e Nju Jorkut \u00ebsht\u00eb shum\u00eb e r\u00ebnd\u00eb. Emri nuk e thot\u00eb, por del se ky ka folur i pari dit\u00ebn e aktit terrorist\u201d, u shpreh Berisha.<\/p>\n","protected":false},"excerpt":{"rendered":"<p>Kryetari i PD, Sali Berisha tha gjat\u00eb konferenc\u00ebs p\u00ebr shtyp se, dit\u00ebn e aktit terrorist, Edi Rama e ka paraqitur i pari n\u00eb Nju Jork iden\u00eb q\u00eb veriu t\u00eb kontrollohet nga KFOR. Berisha shtroi pyetjen, \u00e7far\u00eb e shtyn k\u00ebt\u00eb q\u00eb merr e d\u00ebrgon draftin e asociacionit? \u201cNuk p\u00ebrjashtoj q\u00eb Edi Rama t\u00eb jet\u00eb promotori i &hellip;<\/p>\n","protected":false},"author":4,"featured_media":57963,"comment_status":"open","ping_status":"open","sticky":false,"template":"","format":"standard","meta":{"footnotes":""},"categories":[37],"tags":[],"class_list":["post-57987","post","type-post","status-publish","format-standard","has-post-thumbnail","","category-politike"],"_links":{"self":[{"href":"https:\/\/rdnews.al\/index.php\/wp-json\/wp\/v2\/posts\/57987","targetHints":{"allow":["GET"]}}],"collection":[{"href":"https:\/\/rdnews.al\/index.php\/wp-json\/wp\/v2\/posts"}],"about":[{"href":"https:\/\/rdnews.al\/index.php\/wp-json\/wp\/v2\/types\/post"}],"author":[{"embeddable":true,"href":"https:\/\/rdnews.al\/index.php\/wp-json\/wp\/v2\/users\/4"}],"replies":[{"embeddable":true,"href":"https:\/\/rdnews.al\/index.php\/wp-json\/wp\/v2\/comments?post=57987"}],"version-history":[{"count":0,"href":"https:\/\/rdnews.al\/index.php\/wp-json\/wp\/v2\/posts\/57987\/revisions"}],"wp:featuredmedia":[{"embeddable":true,"href":"https:\/\/rdnews.al\/index.php\/wp-json\/wp\/v2\/media\/57963"}],"wp:attachment":[{"href":"https:\/\/rdnews.al\/index.php\/wp-json\/wp\/v2\/media?parent=57987"}],"wp:term":[{"taxonomy":"category","embeddable":true,"href":"https:\/\/rdnews.al\/index.php\/wp-json\/wp\/v2\/categories?post=57987"},{"taxonomy":"post_tag","embeddable":true,"href":"https:\/\/rdnews.al\/index.php\/wp-json\/wp\/v2\/tags?post=57987"}],"curies":[{"name":"wp","href":"https:\/\/api.w.org\/{rel}","templated":true}]}}