{"id":5818,"date":"2022-03-01T12:48:42","date_gmt":"2022-03-01T12:48:42","guid":{"rendered":"https:\/\/rdnews.al\/?p=5818"},"modified":"2022-03-01T12:48:42","modified_gmt":"2022-03-01T12:48:42","slug":"deklarata-e-forte-e-stoltenberg-kosova-duhet-te-anetaresohet-ne-nato","status":"publish","type":"post","link":"https:\/\/rdnews.al\/index.php\/2022\/03\/01\/deklarata-e-forte-e-stoltenberg-kosova-duhet-te-anetaresohet-ne-nato\/","title":{"rendered":"Deklarata e fort\u00eb e Stoltenberg: Kosova duhet t\u00eb an\u00ebtar\u00ebsohet ne NATO"},"content":{"rendered":"<p>Jens Stoltenberg<\/p>\n<p>Kjo fushat\u00eb e nisur nga ne ka p\u00ebr q\u00ebllim t\u00eb p\u00ebrcjell\u00eb nj\u00eb mesazh t\u00eb qart\u00eb se Kosova duhet t\u00eb an\u00ebtar\u00ebsohet n\u00eb Aleanc\u00ebn Veri-Atlantike (NATO), an\u00ebtar\u00ebsimi i Kosov\u00ebs n\u00eb k\u00ebt\u00eb organizat\u00eb do t\u00eb kontribuonte n\u00eb paqen dhe sigurin\u00eb rajonale, por edhe p\u00ebrtej kufij\u00ebve rajonal, pra kudo ku k\u00ebrkohet ndihma nga Kosova dhe ushtria e saj. Kosova ka nj\u00eb ushtri shum\u00eb profesionale, t\u00eb trajnuar nga shtetet mike, t\u00eb cilat jan\u00eb pjes\u00eb e NATO-s, si dhe \u00ebsht\u00eb e pajisur dhe e armatosur sipas standardeve t\u00eb NATO-s. #kosovan\u00ebnato<\/p>\n","protected":false},"excerpt":{"rendered":"<p>Jens Stoltenberg Kjo fushat\u00eb e nisur nga ne ka p\u00ebr q\u00ebllim t\u00eb p\u00ebrcjell\u00eb nj\u00eb mesazh t\u00eb qart\u00eb se Kosova duhet t\u00eb an\u00ebtar\u00ebsohet n\u00eb Aleanc\u00ebn Veri-Atlantike (NATO), an\u00ebtar\u00ebsimi i Kosov\u00ebs n\u00eb k\u00ebt\u00eb organizat\u00eb do t\u00eb kontribuonte n\u00eb paqen dhe sigurin\u00eb rajonale, por edhe p\u00ebrtej kufij\u00ebve rajonal, pra kudo ku k\u00ebrkohet ndihma nga Kosova dhe ushtria e &hellip;<\/p>\n","protected":false},"author":4,"featured_media":5819,"comment_status":"open","ping_status":"open","sticky":false,"template":"","format":"standard","meta":{"footnotes":""},"categories":[40],"tags":[],"class_list":["post-5818","post","type-post","status-publish","format-standard","has-post-thumbnail","","category-aktualitet"],"_links":{"self":[{"href":"https:\/\/rdnews.al\/index.php\/wp-json\/wp\/v2\/posts\/5818","targetHints":{"allow":["GET"]}}],"collection":[{"href":"https:\/\/rdnews.al\/index.php\/wp-json\/wp\/v2\/posts"}],"about":[{"href":"https:\/\/rdnews.al\/index.php\/wp-json\/wp\/v2\/types\/post"}],"author":[{"embeddable":true,"href":"https:\/\/rdnews.al\/index.php\/wp-json\/wp\/v2\/users\/4"}],"replies":[{"embeddable":true,"href":"https:\/\/rdnews.al\/index.php\/wp-json\/wp\/v2\/comments?post=5818"}],"version-history":[{"count":0,"href":"https:\/\/rdnews.al\/index.php\/wp-json\/wp\/v2\/posts\/5818\/revisions"}],"wp:featuredmedia":[{"embeddable":true,"href":"https:\/\/rdnews.al\/index.php\/wp-json\/wp\/v2\/media\/5819"}],"wp:attachment":[{"href":"https:\/\/rdnews.al\/index.php\/wp-json\/wp\/v2\/media?parent=5818"}],"wp:term":[{"taxonomy":"category","embeddable":true,"href":"https:\/\/rdnews.al\/index.php\/wp-json\/wp\/v2\/categories?post=5818"},{"taxonomy":"post_tag","embeddable":true,"href":"https:\/\/rdnews.al\/index.php\/wp-json\/wp\/v2\/tags?post=5818"}],"curies":[{"name":"wp","href":"https:\/\/api.w.org\/{rel}","templated":true}]}}