{"id":58274,"date":"2023-10-02T08:31:36","date_gmt":"2023-10-02T08:31:36","guid":{"rendered":"https:\/\/rdnews.al\/?p=58274"},"modified":"2023-10-02T08:34:50","modified_gmt":"2023-10-02T08:34:50","slug":"viti-i-ri-akademik-nis-me-protesta-studentet-e-mjekesise-bojkotojne-mesimin","status":"publish","type":"post","link":"https:\/\/rdnews.al\/index.php\/2023\/10\/02\/viti-i-ri-akademik-nis-me-protesta-studentet-e-mjekesise-bojkotojne-mesimin\/","title":{"rendered":"Viti i ri akademik nis me protesta, student\u00ebt e Mjek\u00ebsis\u00eb bojkotojn\u00eb m\u00ebsimin"},"content":{"rendered":"<p>Dita e par\u00eb e fillimit t\u00eb vitit t\u00eb ri akademik i ka gjetur student\u00ebt e mjek\u00ebsis\u00eb n\u00eb protest\u00eb. Ata nj\u00ebz\u00ebri jan\u00eb mbledhur para dekanatit t\u00eb Universitet t\u00eb Mjek\u00ebsis\u00eb, ku n\u00eb shenj\u00eb proteste p\u00ebr ligjin e ri t\u00eb miratuar p\u00ebr pun\u00ebn e detyruar q\u00eb duhet t\u00eb b\u00ebjn\u00eb brenda vendit, ata kan\u00eb bojkotuar m\u00ebsimin.<\/p>\n<p>Nj\u00eb prej student\u00ebve paralajm\u00ebroi se ky bojkot do t\u00eb vazhdoj\u00eb deri n\u00eb dit\u00ebn kur t\u00eb ket\u00eb reagim p\u00ebr plot\u00ebsimin e k\u00ebrkesave t\u00eb tyre. Ai tha se student\u00ebt po p\u00ebrgatisin nj\u00eb padi p\u00ebr ligjin q\u00eb \u00ebsht\u00eb miratuar, dhe do ta dor\u00ebzojn\u00eb at\u00eb n\u00eb Gjykat\u00ebn e Lart\u00eb.<\/p>\n<p>\u201cNe nuk kemi ende nj\u00eb kontrat\u00eb, dhe ende nuk ka dal\u00eb kostoja. Nuk po i gjykojm\u00eb t\u00eb drejt\u00eb q\u00eb t\u00eb n\u00ebnshkruajm\u00eb k\u00ebt\u00eb kontrat\u00eb. S\u2019do i sh\u00ebrbente sistemit sh\u00ebndet\u00ebsor n\u00eb vend. Largimi i bluzave t\u00eb bardha \u00ebsht\u00eb nj\u00eb problem edhe i vendeve t\u00eb tjera, por n\u00eb Shqip\u00ebria e ka m\u00eb t\u00eb evidentuar. Ne jemi nd\u00ebr vendet q\u00eb paguajm\u00eb vet\u00ebm gjysm\u00ebn e specializant\u00ebve. Ne keqpaguhemi, korrupsioni po ashtu, ngelen nd\u00ebr problemet q\u00eb detyrojn\u00eb mjek\u00ebt e rinj t\u00eb ikin. Duhet t\u00eb ulemi n\u00eb nj\u00eb tryez\u00eb t\u00eb gjer\u00eb, q\u00eb t\u00eb flasim dhe t\u00eb diskutojm\u00eb p\u00ebr k\u00ebrkesat tona. Do t\u00eb vazhdojm\u00eb bojkotin deri sa t\u00eb kemi nj\u00eb reagim. Me bojkotin dhe protestat, po b\u00ebjm\u00eb p\u00ebrpjekje q\u00eb ta \u00e7ojm\u00eb ligjin n\u00eb Gjykat\u00ebn Kushtetuese, do t\u00eb b\u00ebjm\u00eb padi. Ne k\u00ebrkojm\u00eb q\u00eb t\u00eb shfuqizohet ligji p\u00ebr detyrimin e student\u00ebve t\u00eb mjek\u00ebsis\u00eb p\u00ebr kontratat e pun\u00ebs\u201d, tha studenti.<\/p>\n","protected":false},"excerpt":{"rendered":"<p>Dita e par\u00eb e fillimit t\u00eb vitit t\u00eb ri akademik i ka gjetur student\u00ebt e mjek\u00ebsis\u00eb n\u00eb protest\u00eb. Ata nj\u00ebz\u00ebri jan\u00eb mbledhur para dekanatit t\u00eb Universitet t\u00eb Mjek\u00ebsis\u00eb, ku n\u00eb shenj\u00eb proteste p\u00ebr ligjin e ri t\u00eb miratuar p\u00ebr pun\u00ebn e detyruar q\u00eb duhet t\u00eb b\u00ebjn\u00eb brenda vendit, ata kan\u00eb bojkotuar m\u00ebsimin. Nj\u00eb prej student\u00ebve &hellip;<\/p>\n","protected":false},"author":4,"featured_media":58275,"comment_status":"open","ping_status":"open","sticky":false,"template":"","format":"standard","meta":{"footnotes":""},"categories":[37],"tags":[],"class_list":["post-58274","post","type-post","status-publish","format-standard","has-post-thumbnail","","category-politike"],"_links":{"self":[{"href":"https:\/\/rdnews.al\/index.php\/wp-json\/wp\/v2\/posts\/58274","targetHints":{"allow":["GET"]}}],"collection":[{"href":"https:\/\/rdnews.al\/index.php\/wp-json\/wp\/v2\/posts"}],"about":[{"href":"https:\/\/rdnews.al\/index.php\/wp-json\/wp\/v2\/types\/post"}],"author":[{"embeddable":true,"href":"https:\/\/rdnews.al\/index.php\/wp-json\/wp\/v2\/users\/4"}],"replies":[{"embeddable":true,"href":"https:\/\/rdnews.al\/index.php\/wp-json\/wp\/v2\/comments?post=58274"}],"version-history":[{"count":0,"href":"https:\/\/rdnews.al\/index.php\/wp-json\/wp\/v2\/posts\/58274\/revisions"}],"wp:featuredmedia":[{"embeddable":true,"href":"https:\/\/rdnews.al\/index.php\/wp-json\/wp\/v2\/media\/58275"}],"wp:attachment":[{"href":"https:\/\/rdnews.al\/index.php\/wp-json\/wp\/v2\/media?parent=58274"}],"wp:term":[{"taxonomy":"category","embeddable":true,"href":"https:\/\/rdnews.al\/index.php\/wp-json\/wp\/v2\/categories?post=58274"},{"taxonomy":"post_tag","embeddable":true,"href":"https:\/\/rdnews.al\/index.php\/wp-json\/wp\/v2\/tags?post=58274"}],"curies":[{"name":"wp","href":"https:\/\/api.w.org\/{rel}","templated":true}]}}