{"id":58328,"date":"2023-10-02T11:24:13","date_gmt":"2023-10-02T11:24:13","guid":{"rendered":"https:\/\/rdnews.al\/?p=58328"},"modified":"2023-10-02T11:24:13","modified_gmt":"2023-10-02T11:24:13","slug":"media-serbe-heton-luksin-e-radoicic-si-e-pasuroi-vucic","status":"publish","type":"post","link":"https:\/\/rdnews.al\/index.php\/2023\/10\/02\/media-serbe-heton-luksin-e-radoicic-si-e-pasuroi-vucic\/","title":{"rendered":"Media serbe heton luksin e Radoi\u00e7i\u00e7, si e pasuroi Vu\u00e7i\u00e7"},"content":{"rendered":"<p>Vila e Milan Radoi\u00e7iqit, e cila dit\u00eb m\u00eb par\u00eb \u00ebsht\u00eb bastisur nga policia e Kosov\u00ebs, ka ngritur pyetjen p\u00ebr ligjshm\u00ebrin\u00eb e pasuris\u00eb s\u00eb ish-n\u00ebnkryetarit t\u00eb List\u00ebs Serbe.<\/p>\n<p>Dhe n\u00eb k\u00ebt\u00eb drejtim, mediat serbe kan\u00eb shtruar pyetjen se si fitoi kaq shum\u00eb pasuri \u201cmbrojt\u00ebsi i serb\u00ebve n\u00eb veri t\u00eb Kosov\u00ebs\u201d dhe a \u00ebsht\u00eb ai nj\u00eb \u201cPablo Escobar\u201d?<\/p>\n<p>B\u00ebhet fjal\u00eb p\u00ebr nj\u00eb vil\u00eb me luks t\u00eb madh n\u00eb bregun e liqenit n\u00eb veri t\u00eb Kosov\u00ebs \u2013 pronari i s\u00eb cil\u00ebs \u00ebsht\u00eb Milan Radoi\u00e7iq \u2013 si\u00e7 pohon policia e Kosov\u00ebs dhe askush nga pala serbe nuk e mohon.<\/p>\n<p>\u201c\u00cbsht\u00eb nj\u00eb shfaqje force, n\u00eb nj\u00eb far\u00eb m\u00ebnyre. Kjo flet vet\u00ebm p\u00ebr fuqin\u00eb. Krijon nj\u00eb imazh tjet\u00ebr pushteti, paprekshm\u00ebri. E shikon \u00e7far\u00eb vile ka, mos u ngat\u00ebrro me t\u00eb. Besoj shum\u00eb se ai ishte mjesht\u00ebr i jet\u00ebs dhe vdekjes n\u00eb veri t\u00eb Kosov\u00ebs\u201d, ka th\u00ebn\u00eb Millosh Laziq, gazetar i portalit Nova.rs, p\u00ebrcjell Telegrafi.<\/p>\n<p>\u201cVideo t\u00eb reja nga Kosova tronditin Serbin\u00eb&#8230;\u201d: Si i raportuan mediat rajonale pamjet e fundit t\u00eb publikuara nga Policia e Kosov\u00ebs<\/p>\n<p>Dhe sipas mediumit n\u00eb fjal\u00eb, Radoi\u00e7iq ishte edhe lider joformal i serb\u00ebve n\u00eb veri t\u00eb Kosov\u00ebs, i angazhuar politikisht si n\u00ebnkryetar i List\u00ebs Serbe.<\/p>\n<p>B\u00ebhet fjal\u00eb p\u00ebr njeriun i cili s\u00eb bashku me kumbarin e tij Zvonko Veselinoviq, q\u00eb nga viti 2013 \u00ebsht\u00eb i lidhur me shum\u00eb afera t\u00eb dyshimta.<\/p>\n<p>\u201cAta u gjykuan p\u00ebr krim t\u00eb organizuar, nuk u d\u00ebnuan. Disa procedura ende ekzistojn\u00eb. Ata jan\u00eb n\u00eb list\u00ebn e zez\u00eb t\u00eb SHBA-s\u00eb, ku shkruhet, jo vet\u00ebm p\u00ebr krim t\u00eb organizuar dhe l\u00ebnd\u00eb narkotike, por p\u00ebrmendet edhe vrasja e Oliver Ivanoviqit. Ai vet\u00ebm tani, me rastin e k\u00ebsaj tragjedie, ka dh\u00ebn\u00eb disa d\u00ebshmi, por nuk b\u00ebhet e ditur prejardhja e asaj pasurie, se si kompanit\u00eb n\u00eb t\u00eb cilat ai \u00ebsht\u00eb bashk\u00ebpronar, s\u00eb bashku me kumbarin e tij Veselinoviq, marrin projektet m\u00eb t\u00eb r\u00ebnd\u00ebsishme shtet\u00ebrore dhe se si ato kompani kan\u00eb nj\u00eb qarkullim t\u00eb madh\u201d, shpjegon gazetari i NIN-it, Vuk Cvijiq.<\/p>\n<p>Si\u00e7 v\u00eb n\u00eb pah mediumi serb, objekte t\u00eb ngjashme kan\u00eb t\u00ebrhequr v\u00ebmendjen e publikut n\u00eb Serbi edhe m\u00eb par\u00eb, p\u00ebrcjell Telegrafi.<\/p>\n<p>K\u00ebshtu, p\u00ebrmendet nj\u00eb vil\u00eb n\u00eb t\u00eb cil\u00ebn jan\u00eb t\u00eb praruara bravat, n\u00eb t\u00eb cil\u00ebn veprat e artit kushtojn\u00eb shtrenjt\u00eb dhe ishte selia e Dushan Spasojeviqit \u2013 q\u00eb ishte kreu i nj\u00eb prej grupeve m\u00eb t\u00eb m\u00ebdha kriminale serbe n\u00eb histori, klanit t\u00eb Zemunit.<\/p>\n<p>\u201cNe e dim\u00eb nga vendimet gjyq\u00ebsore se klani i Zemunit ishte krahu i zgjatur i Sllobodan Millosheviqit. Kjo \u00ebsht\u00eb arsyeja pse u rrit. Nga disa gjykime dim\u00eb se ai ka sh\u00ebrbyer si logjistik\u00eb p\u00ebr vrasjet politike. N\u00eb an\u00ebn tjet\u00ebr, Dushan Spasojevoqi nuk ka qen\u00eb n\u00ebnkryetar dhe an\u00ebtar i r\u00ebnd\u00ebsish\u00ebm i SPS-s\u00eb dhe ky njeri \u00ebsht\u00eb n\u00ebnkryetar i List\u00ebs Serbe, pra dega e SNS-s\u00eb n\u00eb Kosov\u00eb\u201d, beson Cvijiq.<\/p>\n<p>Ndryshe, Radoi\u00e7iq dor\u00ebzoi dor\u00ebheqjen nga Lista Serbe, pasi si\u00e7 tha ai, kjo nuk do t\u00eb d\u00ebmtonte popullin serb.<\/p>\n<p>E nd\u00ebrsa n\u00eb vil\u00ebn n\u00eb Shilerova jan\u00eb investuar 8.5 milion\u00eb marka gjermane t\u00eb at\u00ebhershme, nd\u00ebrtesa e Radoi\u00e7iqit \u00ebsht\u00eb ende n\u00eb pritje t\u00eb nj\u00eb vler\u00ebsimi.<\/p>\n","protected":false},"excerpt":{"rendered":"<p>Vila e Milan Radoi\u00e7iqit, e cila dit\u00eb m\u00eb par\u00eb \u00ebsht\u00eb bastisur nga policia e Kosov\u00ebs, ka ngritur pyetjen p\u00ebr ligjshm\u00ebrin\u00eb e pasuris\u00eb s\u00eb ish-n\u00ebnkryetarit t\u00eb List\u00ebs Serbe. Dhe n\u00eb k\u00ebt\u00eb drejtim, mediat serbe kan\u00eb shtruar pyetjen se si fitoi kaq shum\u00eb pasuri \u201cmbrojt\u00ebsi i serb\u00ebve n\u00eb veri t\u00eb Kosov\u00ebs\u201d dhe a \u00ebsht\u00eb ai nj\u00eb \u201cPablo &hellip;<\/p>\n","protected":false},"author":4,"featured_media":58329,"comment_status":"open","ping_status":"open","sticky":false,"template":"","format":"standard","meta":{"footnotes":""},"categories":[38],"tags":[],"class_list":["post-58328","post","type-post","status-publish","format-standard","has-post-thumbnail","","category-bota"],"_links":{"self":[{"href":"https:\/\/rdnews.al\/index.php\/wp-json\/wp\/v2\/posts\/58328","targetHints":{"allow":["GET"]}}],"collection":[{"href":"https:\/\/rdnews.al\/index.php\/wp-json\/wp\/v2\/posts"}],"about":[{"href":"https:\/\/rdnews.al\/index.php\/wp-json\/wp\/v2\/types\/post"}],"author":[{"embeddable":true,"href":"https:\/\/rdnews.al\/index.php\/wp-json\/wp\/v2\/users\/4"}],"replies":[{"embeddable":true,"href":"https:\/\/rdnews.al\/index.php\/wp-json\/wp\/v2\/comments?post=58328"}],"version-history":[{"count":0,"href":"https:\/\/rdnews.al\/index.php\/wp-json\/wp\/v2\/posts\/58328\/revisions"}],"wp:featuredmedia":[{"embeddable":true,"href":"https:\/\/rdnews.al\/index.php\/wp-json\/wp\/v2\/media\/58329"}],"wp:attachment":[{"href":"https:\/\/rdnews.al\/index.php\/wp-json\/wp\/v2\/media?parent=58328"}],"wp:term":[{"taxonomy":"category","embeddable":true,"href":"https:\/\/rdnews.al\/index.php\/wp-json\/wp\/v2\/categories?post=58328"},{"taxonomy":"post_tag","embeddable":true,"href":"https:\/\/rdnews.al\/index.php\/wp-json\/wp\/v2\/tags?post=58328"}],"curies":[{"name":"wp","href":"https:\/\/api.w.org\/{rel}","templated":true}]}}