{"id":5833,"date":"2022-03-01T13:13:06","date_gmt":"2022-03-01T13:13:06","guid":{"rendered":"https:\/\/rdnews.al\/?p=5833"},"modified":"2022-03-01T13:18:03","modified_gmt":"2022-03-01T13:18:03","slug":"rusia-behet-edhe-me-agresive-zelensky-pritet-si-hero-nga-evropa","status":"publish","type":"post","link":"https:\/\/rdnews.al\/index.php\/2022\/03\/01\/rusia-behet-edhe-me-agresive-zelensky-pritet-si-hero-nga-evropa\/","title":{"rendered":"Rusia b\u00ebhet edhe m\u00eb agresive, Zelensky pritet si hero nga Evropa"},"content":{"rendered":"<p>Presidenti i Ukrain\u00ebs, Volodymyr Zelensky, u \u00ebsht\u00eb drejtuar pa p\u00ebrsh\u00ebndetje eurodeputet\u00ebve, t\u00eb cil\u00ebt e kan\u00eb pritur me duartrokitje. Kjo e sotmja nuk \u00ebsht\u00eb dit\u00eb e mir\u00eb, tha ai, transmeton Gazeta Express.<\/p>\n<p>Zelensky po u adresohet deputet\u00ebve t\u00eb Parlamentit Evropian, p\u00ebrmes nj\u00eb lidhjeje direkte nga Ukraina, ku po q\u00ebndron gjat\u00eb gjith\u00eb koh\u00ebs, prej se vendi i tij \u00ebsht\u00eb sulmuar nga forcat ruse.<\/p>\n<p>Presidenti ukrainas fjalimin e tij e nis pa p\u00ebrsh\u00ebndetje.<\/p>\n<p>\u201cS\u2019mund t\u00eb them mir\u00ebm\u00ebngjesi, ose mir\u00ebdita, ose mir\u00ebmbr\u00ebma. Sepse kjo nuk \u00ebsht\u00eb dit\u00eb e mir\u00eb. P\u00ebr disa njer\u00ebz, \u00ebsht\u00eb dita e fundit\u201d, ka th\u00ebn\u00eb Zelensky.<\/p>\n<p><strong>[13:17]\u00a0Fjal\u00ebt e para prek\u00ebse t\u00eb Zelenskyt para eurodeputet\u00ebve: D\u00ebshmojeni se nuk do t\u00eb na lini t\u00eb vdesim<\/strong><\/p>\n<p>Presidenti i Ukrain\u00ebs Volodymyr Zelenskiy po merr pjes\u00eb virtualisht n\u00eb seanc\u00ebn e jasht\u00ebzakonshme t\u00eb Parlamentit Europian, ku \u00ebsht\u00eb pritur me ovacion t\u00eb jasht\u00ebzakonsh\u00ebm.<\/p>\n<p>N\u00eb fjal\u00ebn e tij para eurodeputet\u00ebve q\u00eb e duartrokit\u00ebn aq gjat\u00eb, Zelensky tha se BE-ja duhet t\u00eb d\u00ebshmoj\u00eb se \u00ebsht\u00eb me Ukrain\u00ebn, raporton The Guardianm.<\/p>\n<p>Duke iu drejtuar Parlamentit Evropian, Zelenskiy tha:<\/p>\n<p>\u201cPa ty, Ukraina do t\u00eb jet\u00eb e vetmuar\u2026 Ne kemi d\u00ebshmuar forcat tona. Ne jemi sakt\u00ebsisht t\u00eb nj\u00ebjt\u00eb me ju\u2026 Pra, d\u00ebshmojeni se jeni me ne. D\u00ebshmoni se nuk do t\u00eb na lini t\u00eb vdesim. D\u00ebshmoni se jeni v\u00ebrtet europian\u00eb dhe se jeta do t\u00eb fitoj\u00eb mbi vdekjen dhe drita do t\u00eb fitoj\u00eb mbi err\u00ebsir\u00ebn.\u201d<\/p>\n<p>Presidenti ukrainas shtoi se \u201caskush nuk do t\u00eb na thyej\u00eb\u201d. Zelensky tha para Pralamentit Europian se vendi i tij \u201cpo i jep njer\u00ebzit m\u00eb t\u00eb mir\u00eb\u201d p\u00ebr t\u2019u trajtuar si t\u00eb barabart\u00eb dhe p\u00ebr \u00e7mimin e liris\u00eb.\u201d<\/p>\n<p><strong>[13:16]\u00a0T\u00eb pakt\u00ebn 10 persona u vran\u00eb nga sulmi i trupave ruse n\u00eb qend\u00ebr t\u00eb Kharkiv<\/strong><\/p>\n<p>N\u00eb qytetin e dyt\u00eb m\u00eb t\u00eb madh t\u00eb Ukrain\u00ebs, Kharkiv, si pasoj\u00eb e granatimeve 10 persona humb\u00ebn jet\u00ebn, nd\u00ebrsa m\u00eb shum\u00eb se 20 u plagos\u00ebn, raporton Ukrinform, p\u00ebrcjell Express.<\/p>\n<p>N\u00eb deklarat\u00eb thuhet se ekipet e shp\u00ebtimit dhe vullnetar\u00ebt shp\u00ebtuan rreth 10 persona nga rr\u00ebnojat, teksa shkallet dhe korridoret n\u00eb t\u00eb gjitha katet jan\u00eb shkat\u00ebrruar plot\u00ebsisht.<\/p>\n<p><strong>\u00a0[12:53] Gjasht\u00eb dit\u00eb t\u00eb agresionit rus n\u00eb Ukrain\u00eb, OKB del me numrin e viktimave civile deri tani<\/strong><\/p>\n<p>T\u00eb pakt\u00ebn 136 civil\u00eb jan\u00eb vrar\u00eb, p\u00ebrfshir\u00eb 13 f\u00ebmij\u00eb dhe 400 jan\u00eb plagosur q\u00eb kur Rusia ka nisur agresionin e saj ndaj Ukrain\u00ebs jav\u00ebn e kaluar sipas Zyr\u00ebs p\u00ebr t\u00eb Drejtat e Njeriut t\u00eb OKB-s\u00eb.<\/p>\n<p>Z\u00ebdh\u00ebn\u00ebsja e k\u00ebsaj zyre Liz Throssel tha se 253 nga viktimat jan\u00eb n\u00eb Donets dhe n\u00eb Lugans rajone n\u00eb lindje t\u00eb Ukrain\u00ebs, shkruan The Guardian, transmeton Gazeta Express.<\/p>\n<p><strong>[12:48]\u00a0OKB: M\u00eb shum\u00eb se 660 mij\u00eb refugjat\u00eb ik\u00ebn nga Ukraina<\/strong><\/p>\n<p>M\u00eb shum\u00eb se 660,000 refugjat\u00eb i kan\u00eb ikur luft\u00ebs n\u00eb Ukrain\u00eb p\u00ebr t\u00eb k\u00ebrkuar strehim n\u00eb shtetet fqinje, ka th\u00ebn\u00eb Agjencia e Kombeve t\u00eb Bashkuara p\u00ebr Refugjat\u00eb.<\/p>\n<p>\u201cNe kemi tani 660,000 refugjat\u00eb q\u00eb kan\u00eb ikur n\u00eb shtetet fqinje t\u00eb Ukrain\u00ebs n\u00eb gjasht\u00eb dit\u00ebt e fundit\u201d, ka th\u00ebn\u00eb z\u00ebdh\u00ebn\u00ebsja, Shabia Mantoo para gazetar\u00ebve n\u00eb Gjenev\u00eb.<\/p>\n<p><strong>[12:41]<\/strong>\u00a0<strong>Shefi i NATO\u2019s nga Polonia \u00e7on mesazh p\u00ebr Rusin\u00eb dhe Ukrain\u00ebn<\/strong><\/p>\n<p>Shefi i NATO-s, Jens Stoltenberg, i ka b\u00ebr\u00eb thirrje Rusis\u00eb q\u00eb t\u2019i jap fund luft\u00ebs n\u00eb Ukrain\u00eb, duke shtuar se nuk do t\u00eb d\u00ebrgoj\u00eb trupa apo avion\u00eb luftarak\u00eb p\u00ebr ta mb\u00ebshtetur Kievin, pasi pohon se alenaca q\u00eb udh\u00ebheq nuk d\u00ebshiron t\u00eb b\u00ebhet pjes\u00eb e konfliktit.<\/p>\n<p>K\u00ebt\u00eb deklarat\u00eb kreu i NATO-s e ka dh\u00ebn\u00eb pas takimit me presidentin polak Andrzej Duda.<\/p>\n<p><strong>\u00a0[12:34]<\/strong>\u00a0<strong>Nj\u00ebri nga pilot\u00ebt m\u00eb t\u00eb mir\u00eb, rus\u00ebt vrasin \u201cUjkun Gri\u201d t\u00eb Ukrain\u00ebs<\/strong><\/p>\n<p>Koloneli ukrainas Oleksandr Oksanchenko, i konsideruar si piloti m\u00eb i mir\u00eb i Ukrain\u00ebs, \u00ebsht\u00eb vrar\u00eb nga rus\u00ebt n\u00eb nj\u00eb betej\u00eb n\u00eb aj\u00ebr gjat\u00eb nat\u00ebs s\u00eb t\u00eb premt\u00ebs s\u00eb jav\u00ebs s\u00eb shkuar.<\/p>\n<p>Presidenti Volodymyr Zelensky i dha atij pas vdekjes titullin Hero i Ukrain\u00ebs, njoftoi komanda e Forcave Ajrore t\u00eb Forcave t\u00eb Armatosura t\u00eb Ukrain\u00ebs n\u00eb Facebook.<\/p>\n<p><strong>[12:30]Mbi 20 t\u00eb plagosur n\u00eb sulmin n\u00eb Kharkiv dhe disa t\u00eb mbetur n\u00ebn rr\u00ebnoja<\/strong><\/p>\n<p>M\u00eb shum\u00eb se 20 persona jan\u00eb plagosur n\u00eb nj\u00eb shp\u00ebrthim n\u00eb qytetin e dyt\u00eb m\u00eb t\u00eb madh t\u00eb Ukrain\u00ebs, Kharkiv, tha Sh\u00ebrbimi Shtet\u00ebror i Emergjencave t\u00eb Ukrain\u00ebs n\u00eb nj\u00eb video t\u00eb postuar n\u00eb llogarin\u00eb e tij zyrtare n\u00eb Facebook t\u00eb mart\u00ebn, raporton CNN.<\/p>\n<p>Gjithashtu, raportohet se ka persona t\u00eb cil\u00ebt kan\u00eb mbetur n\u00ebn rr\u00ebnoja, p\u00ebrcjell Gazeta Express.<\/p>\n<p>\u201cSi pasoj\u00eb e granatimeve me artileri, nj\u00eb nd\u00ebrtes\u00eb e administrat\u00ebs shtet\u00ebrore dhe godina ngjitur u d\u00ebmtuan. Njer\u00ebzit jan\u00eb bllokuar n\u00ebn rr\u00ebnoja. Shefi i operacioneve t\u00eb shp\u00ebtimit m\u00ebsoi se mbi 20 persona jan\u00eb plagosur\u201d, tha nj\u00eb pjes\u00ebtar i sh\u00ebrbimit n\u00eb video.<\/p>\n<p><strong>[12:14]\u00a0Zelensky em\u00ebron nj\u00eb gjeneral ushtarak p\u00ebr ta udh\u00ebhequr Kievin gjat\u00eb luft\u00ebs<\/strong><\/p>\n<p>Kryeqyteti ukrainas Kiev, q\u00eb po synohet t\u00eb merret nga forcat ruse tani do ta ket\u00eb p\u00ebr kryetar nj\u00eb ushtarak, njoftoi parlamenti i Ukrain\u00ebs.<\/p>\n<p>Presidenti Zelenskyi ka caktuar Gjeneral Mykola Zhernov si kryetar t\u00eb administrat\u00ebs ushtarake t\u00eb Kievit, raporton Gazeta Express.<\/p>\n<p>\u201cGjat\u00eb luft\u00ebs, Volodymyr Zelensky ka caktuar Gjeneral Mykola Zhernov kryetar t\u00eb administrat\u00ebs ushtarake t\u00eb Kievit. Kryetari i Kievit Vitaly Klitschko do t\u00eb punoj\u00eb me kryetarin ushtarak\u201d, thuhet n\u00eb njoftim.<\/p>\n<p><strong>[12:07]\u00a0F\u00ebmij\u00ebt jetim\u00eb t\u00eb strehuar n\u00eb nj\u00eb bodrum nga frika e bombardimeve<\/strong><\/p>\n<p>\u201cNj\u00eb foto q\u00eb duhet ta shoh\u00eb e gjith\u00eb bota!\u201d. K\u00ebshtu e p\u00ebrshkruan Parlamenti i Ukrain\u00ebs nj\u00eb fotografi t\u00eb f\u00ebmij\u00ebve jetim\u00eb t\u00eb strehuar n\u00eb nj\u00eb bodrum, p\u00ebrcjell Gazeta Express.<\/p>\n<p>Teksa shum\u00eb f\u00ebmij\u00eb me familjet e tyre jan\u00eb larguar nga Ukraina, jan\u00eb disa f\u00ebmij\u00eb jetim\u00eb q\u00eb mbeten n\u00ebn m\u00ebshir\u00ebn e p\u00ebrkujdes\u00ebsve t\u00eb tyre, p\u00ebrve\u00e7se n\u00ebn m\u00ebshir\u00ebn e fatit p\u00ebr t\u00eb mos u vrar\u00eb nga forcat ruse.<\/p>\n<p><strong>\u00a0[11:55]\u00a0Rus\u00ebt kryen krim lufte duke p\u00ebrdorur bomb\u00ebn me vakum, reagon z\u00ebdh\u00ebn\u00ebsi i Putin<\/strong><\/p>\n<p>Sanksionet e Per\u00ebndimit nuk do ta b\u00ebjn\u00eb kurr\u00eb Rusin\u00eb ta ndryshoj\u00eb q\u00ebndrimin e saj ndaj Ukrain\u00ebs, kan\u00eb th\u00ebn\u00eb sot nga Rusia, raporton The Guardian.<\/p>\n<p>Z\u00ebdh\u00ebn\u00ebsi i Kremlinit, Dmitry Peskov tha se nd\u00ebrsa negociatat e drejtp\u00ebrdrejta midis Mosk\u00ebs dhe Kievit kan\u00eb nisur, nuk ka plane p\u00ebr bisedime midis president\u00ebve t\u00eb t\u00eb dy vendeve, p\u00ebrcjell Gazeta Express.<\/p>\n<p>Peskov hodhi posht\u00eb akuzat p\u00ebr sulme nga Rusia ndaj objektivave civile dhe p\u00ebrdorimin e bombave me<\/p>\n<p><strong>[11:38]\u00a0Raketa ruse n\u00eb qend\u00ebr t\u00eb Kharkivit, Zelensky: Rusia \u00ebsht\u00eb shtet terrorist<\/strong><\/p>\n<p>Presidenti i Ukrain\u00ebs, Volodymyr Zelensky, ka th\u00ebn\u00eb se raketa ruse q\u00eb ka r\u00ebn\u00eb n\u00eb mes t\u00eb sheshit t\u00eb qytetit Kharkiv tregon se Rusia \u00ebsht\u00eb nj\u00eb shtet terrorist.<\/p>\n<p>Ai thot\u00eb se nj\u00eb akt t\u00eb till\u00eb s\u2019do ta harrojn\u00eb dhe nuk do ta falin.<\/p>\n<p>\u201cRaketa n\u00eb sheshin qendror t\u00eb Kharkiv \u00ebsht\u00eb nj\u00eb terror i hapur. Pas nj\u00eb akti t\u00eb till\u00eb, Rusia \u00ebsht\u00eb nj\u00eb shtet terrorist. Askush nuk do ta fal\u00eb, askush nuk do ta harroj\u00eb\u201d, ka shkruar Zelensky n\u00eb profilin e tij zyrtar.<\/p>\n<p><strong>\u00a0[11:36] Ushtria ukrainase i rr\u00ebzon edhe dy helikopter\u00eb rus\u00eb<\/strong><\/p>\n<p>Ushtria ukrainase ka hyr\u00eb n\u00eb dit\u00ebn e gjasht\u00eb t\u00eb luftimeve p\u00ebr mbrojtjen e vendit teksa Rusia duket se e ka intensifikuar pushtimin.<\/p>\n<p>Megjithat\u00eb, autoritetet ukrainase vazhdojn\u00eb t\u00eb flasin p\u00ebr fitore. N\u00eb nj\u00eb video t\u00eb publikuar nga \u201cNexta\u201d, shihen dy aeroplan\u00eb rus\u00eb teksa rr\u00ebzohen, nd\u00ebrsa aksioni komentohet me entuziaz\u00ebm: \u201cYes, yesss!\u201d.<\/p>\n","protected":false},"excerpt":{"rendered":"<p>Presidenti i Ukrain\u00ebs, Volodymyr Zelensky, u \u00ebsht\u00eb drejtuar pa p\u00ebrsh\u00ebndetje eurodeputet\u00ebve, t\u00eb cil\u00ebt e kan\u00eb pritur me duartrokitje. Kjo e sotmja nuk \u00ebsht\u00eb dit\u00eb e mir\u00eb, tha ai, transmeton Gazeta Express. Zelensky po u adresohet deputet\u00ebve t\u00eb Parlamentit Evropian, p\u00ebrmes nj\u00eb lidhjeje direkte nga Ukraina, ku po q\u00ebndron gjat\u00eb gjith\u00eb koh\u00ebs, prej se vendi i &hellip;<\/p>\n","protected":false},"author":4,"featured_media":5835,"comment_status":"open","ping_status":"open","sticky":false,"template":"","format":"standard","meta":{"footnotes":""},"categories":[40],"tags":[],"class_list":["post-5833","post","type-post","status-publish","format-standard","has-post-thumbnail","","category-aktualitet"],"_links":{"self":[{"href":"https:\/\/rdnews.al\/index.php\/wp-json\/wp\/v2\/posts\/5833","targetHints":{"allow":["GET"]}}],"collection":[{"href":"https:\/\/rdnews.al\/index.php\/wp-json\/wp\/v2\/posts"}],"about":[{"href":"https:\/\/rdnews.al\/index.php\/wp-json\/wp\/v2\/types\/post"}],"author":[{"embeddable":true,"href":"https:\/\/rdnews.al\/index.php\/wp-json\/wp\/v2\/users\/4"}],"replies":[{"embeddable":true,"href":"https:\/\/rdnews.al\/index.php\/wp-json\/wp\/v2\/comments?post=5833"}],"version-history":[{"count":0,"href":"https:\/\/rdnews.al\/index.php\/wp-json\/wp\/v2\/posts\/5833\/revisions"}],"wp:featuredmedia":[{"embeddable":true,"href":"https:\/\/rdnews.al\/index.php\/wp-json\/wp\/v2\/media\/5835"}],"wp:attachment":[{"href":"https:\/\/rdnews.al\/index.php\/wp-json\/wp\/v2\/media?parent=5833"}],"wp:term":[{"taxonomy":"category","embeddable":true,"href":"https:\/\/rdnews.al\/index.php\/wp-json\/wp\/v2\/categories?post=5833"},{"taxonomy":"post_tag","embeddable":true,"href":"https:\/\/rdnews.al\/index.php\/wp-json\/wp\/v2\/tags?post=5833"}],"curies":[{"name":"wp","href":"https:\/\/api.w.org\/{rel}","templated":true}]}}