{"id":58373,"date":"2023-10-02T16:43:00","date_gmt":"2023-10-02T16:43:00","guid":{"rendered":"https:\/\/rdnews.al\/?p=58373"},"modified":"2023-10-02T16:43:00","modified_gmt":"2023-10-02T16:43:00","slug":"pas-britanise-edhe-gjermania-e-gatshme-te-nis-trupa-shtese-ne-kosove","status":"publish","type":"post","link":"https:\/\/rdnews.al\/index.php\/2023\/10\/02\/pas-britanise-edhe-gjermania-e-gatshme-te-nis-trupa-shtese-ne-kosove\/","title":{"rendered":"Pas Britanis\u00eb, edhe Gjermania e gatshme t\u00eb nis trupa shtes\u00eb n\u00eb Kosov\u00eb"},"content":{"rendered":"<p>Berlini zyrtar po e shqyrton mund\u00ebsin\u00eb e forcimit t\u00eb misionit paqeruajt\u00ebs n\u00eb Kosov\u00eb, drejtuar nga NATO. Ata po planifikojn\u00eb d\u00ebrgimin e trupave shtes\u00eb n\u00eb KFOR t\u00eb forcave t\u00eb armatosura nga Mbrojtja Federale, (Bundeswehr).<\/p>\n<p>\u2018Komisioni i Mbrojtjes Federale \u00ebsht\u00eb duke e v\u00ebzhguar \u00e7\u00ebshtjen e Kosov\u00ebs\u2019, shkruan Spiegel.<\/p>\n<p>\u2018N\u00ebse \u00ebsht\u00eb e nevojshme, ne do t\u00eb shkojm\u00eb m\u00eb shum\u00eb atje\u2019, thot\u00eb Marie-Agnes Strack-Zimmermann, kryetare e Komisionit t\u00eb Mbrojtjes n\u00eb Bundestag.<\/p>\n<p>Ky zhvillim vjen si pasoj\u00eb e aktit terrorist serb n\u00eb Banjsk\u00eb, por dhe si shkak i k\u00ebrc\u00ebnimeve serbe ndaj Republik\u00ebs s\u00eb Kosov\u00ebs.<\/p>\n<p>\u2018Gjermania, n\u00eb konsultim me aleat\u00ebt e saj, duhet t\u00eb kontrolloj\u00eb shpejt n\u00ebse mandati i KFOR-it po p\u00ebrmbushet plot\u00ebsisht dhe t\u00eb d\u00ebrgoj\u00eb m\u00eb shum\u00eb ushtar\u00eb n\u00eb Kosov\u00eb\u2019, ka th\u00ebn\u00eb politikani i Partis\u00eb s\u00eb Gjelb\u00ebr, Anton Hofreiter, kryetar i Komitetit t\u00eb Evrop\u00ebs s\u00eb Bundestagut.<\/p>\n<p>Derisa edhe kolegu i tij i grupit parlamentar, Philip Kr\u00e4mer, b\u00ebri nj\u00eb deklarat\u00eb t\u00eb ngjashme:<\/p>\n<p>\u2018Republika Federale duhet gjithashtu t\u00eb shqyrtoj\u00eb shkall\u00ebn n\u00eb t\u00eb cil\u00ebn forcat shtes\u00eb t\u00eb Bundeswehr-it mund t\u00eb vihen n\u00eb dispozicion brenda korniz\u00ebs s\u00eb mandatit aktual, edhe n\u00ebse kjo do t\u00eb n\u00ebnkuptonte nj\u00eb barr\u00eb shtes\u00eb duke pasur parasysh misionet e tjera t\u00eb shumta\u2019.<\/p>\n<p>NATO njoftoi jav\u00ebn e kaluar nj\u00eb shtim t\u00eb trupave t\u00eb saj t\u00eb KFOR-it. Si rezultat, dje Britania e Madhe konfirmoi dislokimin e nj\u00eb kontigjenti t\u00eb plot\u00eb mbret\u00ebror prej 200 trupave p\u00ebr n\u00eb Kosov\u00eb.<\/p>\n<p>Bundeswehr aktualisht ka vet\u00ebm 85 ushtar\u00eb t\u00eb pozicionuar n\u00eb Kosov\u00eb, por mandati, i cili u zgjat p\u00ebr her\u00eb t\u00eb fundit nga Bundestagu n\u00eb maj, parashikon deri n\u00eb 400 trupa t\u00eb Bundeswehr-it n\u00eb terren.<\/p>\n<p>\u2018K\u00ebshtu q\u00eb ka ende vend p\u00ebr p\u00ebrmir\u00ebsim pa pasur nevoj\u00eb t\u00eb ndryshohet mandati\u2019, shton Marie-Agnes Strack-Zimmermann, politikanja e FDP-s\u00eb.<\/p>\n<p>Derisa politikani i jasht\u00ebm i SPD-s\u00eb, Adis Ahmetoviq potencoi se \u2018Duhet t\u00eb sigurojm\u00eb mandatin e KFOR-it me m\u00eb shum\u00eb forca t\u00eb armatosura.\u2019<\/p>\n<p>Qeveria e Serbis\u00eb po e v\u00eb n\u00eb rrezik stabilitetin n\u00eb rajon, thot\u00eb ai, dhe shprehu dyshime p\u00ebr perspektivat e Kandidat\u00ebt e BE-s\u00eb p\u00ebr t\u2019u bashkuar me komunitetin e shteteve:<\/p>\n<p>\u2018Kredibiliteti i Serbis\u00eb n\u00eb d\u00ebshir\u00ebn p\u00ebr t\u2019u b\u00ebr\u00eb an\u00ebtare e BE-s\u00eb po vihet gjithashtu n\u00eb pik\u00ebpyetje gjithnj\u00eb e m\u00eb shum\u00eb nga ngjarje si k\u00ebto\u2019, deklaroi ai, transmeton klankosova.tv.<\/p>\n<p>Nd\u00ebrsa fraksioni i Unionit akuzoi qeverin\u00eb e semafor\u00ebve se ishte bashk\u00ebpun\u00ebtore n\u00eb p\u00ebrshkall\u00ebzimin e mosmarr\u00ebveshjes midis Serbis\u00eb dhe Kosov\u00ebs.<\/p>\n<p>\u2018Semafori ka hequr dor\u00eb n\u00eb m\u00ebnyr\u00eb t\u00eb panevojshme nga roli udh\u00ebheq\u00ebs i gjat\u00eb dhe i suksessh\u00ebm i Gjermanis\u00eb n\u00eb Ballkanin Per\u00ebndimor\u2019, thot\u00eb z\u00ebdh\u00ebn\u00ebsi i politik\u00ebs s\u00eb saj t\u00eb mbrojtjes Florian Hahn (CSU).<\/p>\n<p>N\u00eb Republik\u00ebn Federale t\u00eb Gjermanis\u00eb, koalicioni i semafor\u00ebve (Ampelregierung eine Mitschuld) i referohet bashk\u00ebpunimit t\u00eb tre partive politike SPD, FDP dhe Aleanca \u201990\/T\u00eb Gjelb\u00ebrit, p\u00ebr t\u00eb formuar nj\u00eb shumic\u00eb qeveritare (e kuqe, e verdh\u00eb, jeshile = krahasim me nje semafor).<\/p>\n","protected":false},"excerpt":{"rendered":"<p>Berlini zyrtar po e shqyrton mund\u00ebsin\u00eb e forcimit t\u00eb misionit paqeruajt\u00ebs n\u00eb Kosov\u00eb, drejtuar nga NATO. Ata po planifikojn\u00eb d\u00ebrgimin e trupave shtes\u00eb n\u00eb KFOR t\u00eb forcave t\u00eb armatosura nga Mbrojtja Federale, (Bundeswehr). \u2018Komisioni i Mbrojtjes Federale \u00ebsht\u00eb duke e v\u00ebzhguar \u00e7\u00ebshtjen e Kosov\u00ebs\u2019, shkruan Spiegel. \u2018N\u00ebse \u00ebsht\u00eb e nevojshme, ne do t\u00eb shkojm\u00eb m\u00eb &hellip;<\/p>\n","protected":false},"author":4,"featured_media":58374,"comment_status":"open","ping_status":"open","sticky":false,"template":"","format":"standard","meta":{"footnotes":""},"categories":[38],"tags":[],"class_list":["post-58373","post","type-post","status-publish","format-standard","has-post-thumbnail","","category-bota"],"_links":{"self":[{"href":"https:\/\/rdnews.al\/index.php\/wp-json\/wp\/v2\/posts\/58373","targetHints":{"allow":["GET"]}}],"collection":[{"href":"https:\/\/rdnews.al\/index.php\/wp-json\/wp\/v2\/posts"}],"about":[{"href":"https:\/\/rdnews.al\/index.php\/wp-json\/wp\/v2\/types\/post"}],"author":[{"embeddable":true,"href":"https:\/\/rdnews.al\/index.php\/wp-json\/wp\/v2\/users\/4"}],"replies":[{"embeddable":true,"href":"https:\/\/rdnews.al\/index.php\/wp-json\/wp\/v2\/comments?post=58373"}],"version-history":[{"count":0,"href":"https:\/\/rdnews.al\/index.php\/wp-json\/wp\/v2\/posts\/58373\/revisions"}],"wp:featuredmedia":[{"embeddable":true,"href":"https:\/\/rdnews.al\/index.php\/wp-json\/wp\/v2\/media\/58374"}],"wp:attachment":[{"href":"https:\/\/rdnews.al\/index.php\/wp-json\/wp\/v2\/media?parent=58373"}],"wp:term":[{"taxonomy":"category","embeddable":true,"href":"https:\/\/rdnews.al\/index.php\/wp-json\/wp\/v2\/categories?post=58373"},{"taxonomy":"post_tag","embeddable":true,"href":"https:\/\/rdnews.al\/index.php\/wp-json\/wp\/v2\/tags?post=58373"}],"curies":[{"name":"wp","href":"https:\/\/api.w.org\/{rel}","templated":true}]}}