{"id":58382,"date":"2023-10-02T17:02:31","date_gmt":"2023-10-02T17:02:31","guid":{"rendered":"https:\/\/rdnews.al\/?p=58382"},"modified":"2023-10-02T17:11:07","modified_gmt":"2023-10-02T17:11:07","slug":"rama-nuk-ngushelloi-familjen-e-policit-te-vrare-por-u-shpall-si-pashiqi-i-shekullit-te-21","status":"publish","type":"post","link":"https:\/\/rdnews.al\/index.php\/2023\/10\/02\/rama-nuk-ngushelloi-familjen-e-policit-te-vrare-por-u-shpall-si-pashiqi-i-shekullit-te-21\/","title":{"rendered":"Rama nuk ngush\u00eblloi familjen e policit t\u00eb vrar\u00eb, por u shpall si Pashiqi i shekullit t\u00eb 21"},"content":{"rendered":"<p>Kryetari i PD, Sali Berisha tha se, Edi Rama u v\u00ebrsul me t\u00ebrbimin m\u00eb t\u00eb madh kund\u00ebr udh\u00ebheqjes politike t\u00eb Kosov\u00ebs. Ai tha se, Rama nuk ngush\u00eblloi familjen e policit t\u00eb vrar\u00eb, por u shpall si Pashiqi i shekullit t\u00eb 21.<br \/>\n\u201cEdi Rama u v\u00ebrsul me t\u00ebrbimin m\u00eb t\u00eb madh kund\u00ebr udh\u00ebheqjes politike t\u00eb Kosov\u00ebs. Shpalli skenar\u00eb imagjinar\u00eb, Donbas, republika KFOR-i dhe \u00e7do gj\u00eb tjet\u00ebr q\u00eb e urdh\u00ebronte padroni i tij n\u00eb Beograd, Aleksand\u00ebr Vu\u00e7i\u00e7. I shpalli ato n\u00eb nj\u00eb koh\u00eb antihistorike, jasht\u00eb \u00e7do konteksti. Veriu i Kosov\u00ebs nuk kufizohet me Rusin\u00eb, veriu i Kosov\u00ebs v\u00ebrtet\u00eb kufizohet me Rusin\u00eb e vog\u00ebl, por Rusia e vog\u00ebl n\u00eb veri t\u00eb Kosov\u00ebs, kufizohet me NATO-n, jo me Ukrain\u00ebn, me NATO-n dhe e provoi se \u00e7\u2019ndodhi k\u00ebto dit\u00eb.<br \/>\nE provoi se \u00e7\u2019ndodhi k\u00ebto sepse mendoi se me t\u00eb v\u00ebrtet\u00eb mund t\u00eb krijonte konfliktin.<br \/>\nPo pse t\u00eb mos e quante Pashiq, Edi Ram\u00ebn, zoti Martin, n\u00eb nj\u00eb koh\u00eb kur pas sulmit terrorist n\u00eb ora 11:00, Edi Rama del e k\u00ebrkon at\u00eb q\u00eb k\u00ebrkonte Vu\u00e7i\u00e7i dhe Sergei Lavrov, at\u00eb q\u00eb k\u00ebrkonte Da\u00e7i\u00e7i, konferenc\u00ebn nd\u00ebrkomb\u00ebtare p\u00ebr Kosov\u00ebn.<br \/>\nNuk p\u00ebrcolli si nj\u00eb monst\u00ebr e v\u00ebrtet\u00eb njer\u00ebzore, ngush\u00ebllime familjes p\u00ebr birin e vet t\u00eb r\u00ebnd\u00eb n\u00eb krye t\u00eb detyr\u00ebs. Si ndiheni ju me t\u00eb, krenar\u00eb apo t\u00eb turp\u00ebrurar. P\u00ebrgjigja e k\u00ebsaj pyetje varet, ndiheni shqiptar apo antishqiptar. Keni ju gjak shqiptar n\u00eb deje, apo nuk keni. Un\u00eb besoj se keni, dhe nuk mund t\u00eb jet\u00eb ndryshe.<br \/>\nAt\u00ebher\u00eb a nuk \u00ebsht\u00eb ky nj\u00eb turp komb\u00ebtar, t\u00eb shpallet kryeministri i Shqip\u00ebris\u00eb, si Pashiqi i shekullit t\u00eb 21\u201d, tha Berisha.<\/p>\n","protected":false},"excerpt":{"rendered":"<p>Kryetari i PD, Sali Berisha tha se, Edi Rama u v\u00ebrsul me t\u00ebrbimin m\u00eb t\u00eb madh kund\u00ebr udh\u00ebheqjes politike t\u00eb Kosov\u00ebs. Ai tha se, Rama nuk ngush\u00eblloi familjen e policit t\u00eb vrar\u00eb, por u shpall si Pashiqi i shekullit t\u00eb 21. \u201cEdi Rama u v\u00ebrsul me t\u00ebrbimin m\u00eb t\u00eb madh kund\u00ebr udh\u00ebheqjes politike t\u00eb Kosov\u00ebs. &hellip;<\/p>\n","protected":false},"author":4,"featured_media":58383,"comment_status":"open","ping_status":"open","sticky":false,"template":"","format":"standard","meta":{"footnotes":""},"categories":[37],"tags":[],"class_list":["post-58382","post","type-post","status-publish","format-standard","has-post-thumbnail","","category-politike"],"_links":{"self":[{"href":"https:\/\/rdnews.al\/index.php\/wp-json\/wp\/v2\/posts\/58382","targetHints":{"allow":["GET"]}}],"collection":[{"href":"https:\/\/rdnews.al\/index.php\/wp-json\/wp\/v2\/posts"}],"about":[{"href":"https:\/\/rdnews.al\/index.php\/wp-json\/wp\/v2\/types\/post"}],"author":[{"embeddable":true,"href":"https:\/\/rdnews.al\/index.php\/wp-json\/wp\/v2\/users\/4"}],"replies":[{"embeddable":true,"href":"https:\/\/rdnews.al\/index.php\/wp-json\/wp\/v2\/comments?post=58382"}],"version-history":[{"count":0,"href":"https:\/\/rdnews.al\/index.php\/wp-json\/wp\/v2\/posts\/58382\/revisions"}],"wp:featuredmedia":[{"embeddable":true,"href":"https:\/\/rdnews.al\/index.php\/wp-json\/wp\/v2\/media\/58383"}],"wp:attachment":[{"href":"https:\/\/rdnews.al\/index.php\/wp-json\/wp\/v2\/media?parent=58382"}],"wp:term":[{"taxonomy":"category","embeddable":true,"href":"https:\/\/rdnews.al\/index.php\/wp-json\/wp\/v2\/categories?post=58382"},{"taxonomy":"post_tag","embeddable":true,"href":"https:\/\/rdnews.al\/index.php\/wp-json\/wp\/v2\/tags?post=58382"}],"curies":[{"name":"wp","href":"https:\/\/api.w.org\/{rel}","templated":true}]}}