{"id":58455,"date":"2023-10-03T11:29:00","date_gmt":"2023-10-03T11:29:00","guid":{"rendered":"https:\/\/rdnews.al\/?p=58455"},"modified":"2023-10-03T11:29:00","modified_gmt":"2023-10-03T11:29:00","slug":"qytetaret-e-kosoves-nga-1-janari-2024-pa-viza","status":"publish","type":"post","link":"https:\/\/rdnews.al\/index.php\/2023\/10\/03\/qytetaret-e-kosoves-nga-1-janari-2024-pa-viza\/","title":{"rendered":"Qytetar\u00ebt e Kosov\u00ebs nga 1 janari 2024 pa viza!"},"content":{"rendered":"<p>Nga 1 janari 2024 qytetar\u00ebt e Kosov\u00ebs do t\u00eb mund t\u00eb udh\u00ebtojn\u00eb drejt zon\u00ebs Shengen pa viza p\u00ebr q\u00ebndrime afatshkurtra. Udh\u00ebtimi pa viza n\u00ebnkupton se mund t\u00eb udh\u00ebtohet\u00a0lirsh\u00ebm n\u00eb shtetet e zon\u00ebs Shengen, por nuk do t\u00eb mund t\u00eb punohet.<\/p>\n<p>Pa viza u mund\u00ebson qytetar\u00ebve t\u00eb Kosov\u00ebs t\u00eb udh\u00ebtojn\u00eb pa viz\u00eb p\u00ebr q\u00ebndrime t\u00eb shkurtra n\u00eb zon\u00ebn Shengen, p\u00ebr shembull, si turist\u00eb, p\u00ebr t\u00eb vizituar miqt\u00eb ose familjen, p\u00ebr t\u00eb marr\u00eb pjes\u00eb n\u00eb ngjarje kulturore ose sportive, takime afariste, trajtim mjek\u00ebsor, p\u00ebr programe arsimore afatshkurtra si seminare, konferenca, pun\u00ebtori, shkolla verore dhe \u00e7do aktivitet t\u00eb ngjash\u00ebm, njofton RTK.<\/p>\n<p>Parlamenti Evropian miratoi n\u00eb prill t\u00eb k\u00ebtij viti vendimin p\u00ebr liberalizimin e vizave p\u00ebr qytetar\u00ebt e Kosov\u00ebs, me \u00e7ka edhe procedurat vendimmarr\u00ebse p\u00ebr k\u00ebt\u00eb \u00e7\u00ebshtje u p\u00ebrmbyll\u00ebn. \u00a0Miratimi n\u00eb Parlamentin Evropian ishte b\u00ebr\u00eb pa votim, pasi nuk kishte asnj\u00eb kund\u00ebrshtim.<\/p>\n<p><strong>Ja shtetet ku\u00a0do t\u00eb mund t\u00eb udh\u00ebtohet pa viza deri n\u00eb 90 dit\u00eb:<\/strong><\/p>\n<p>Komisioni Evropian n\u00eb vendimin p\u00ebr liberalizim kishte sqaruar se edhe pas liberalizimit t\u00eb vizave, bart\u00ebsit e pasaportave t\u00eb Kosov\u00ebs nuk do t\u00eb mund t\u00eb udh\u00ebtojn\u00eb n\u00eb Spanj\u00eb, vend q\u00eb nuk e njeh as pavar\u00ebsin\u00eb e Kosov\u00ebs, as pasaportat e saj.<\/p>\n<p><strong>Shtetet q\u00eb p\u00ebrfshihen n\u00eb vendimin p\u00ebr liberalizimin e vizave p\u00ebr kosovar\u00ebt jan\u00eb: Austria, Belgjika, Bullgaria, Kroacia, Qipro, Republika \u00c7eke, Danimarka, Estonia, Finlanda, Franca, Gjermania, Greqia, Hungaria, Italia, Letonia, Lituania, Luksemburgu, Malta, Holanda, Polonia, Portugalia, Rumania, Sllovakia, Sllovenia, Suedia, Zvicra, Norvegjia, Lihtensteini dhe Islanda.<\/strong><\/p>\n<p>Republika e Kosov\u00ebs, \u00ebsht\u00eb vendi i vet\u00ebm n\u00eb Ballkanin Per\u00ebndimor, qytetar\u00ebt e t\u00eb cil\u00ebs nuk mund t\u00eb l\u00ebvizin lirsh\u00ebm n\u00eb zon\u00ebn Schengen. Kosova ishte vendim i vet\u00ebm n\u00eb Ballkan q\u00eb kishte m\u00eb\u00a0shum\u00eb\u00a0kritere p\u00ebr fituar liberalizimin e vizave p\u00ebr qytetar\u00ebt e saj.<\/p>\n<p>Komisioni Evropian, n\u00eb vitin 2018, kishte konfirmuar disa her\u00eb se Kosova i ka p\u00ebrmbushur t\u00eb gjitha kushtet p\u00ebr liberalizimin e vizave, por kan\u00eb qen\u00eb disa vende an\u00ebtare q\u00eb vazhdimisht kan\u00eb shprehur rezerva.<\/p>\n<p><strong>Etapat deri te liberalizimi i vizave p\u00ebr Kosov\u00ebn<\/strong><\/p>\n<p>Kosova ka kaluar disa etapa p\u00ebr t\u00eb arritur liberalizmin e vizave<\/p>\n<p>&#8211; Komisioni Evropian rekomandon liberalizimin e vizave p\u00ebr Kosov\u00ebn<\/p>\n<p>&#8211; Komiteti LIBE voton pro rekomandimit t\u00eb KE-s\u00eb p\u00ebr liberalizimin e vizave p\u00ebr Kosov\u00ebn<\/p>\n<p>&#8211; Parlamenti Evropian konfirmon mandatin p\u00ebr negociata me K\u00ebshillin e BE-s\u00eb p\u00ebr liberalizimin e vizave dhe<\/p>\n<p>&#8211; Komiteti LIBE voton s\u00ebrish p\u00ebr fillimin e negociatave me K\u00ebshillin e BE-s\u00eb, p\u00ebr t\u00eb vazhduar me hapat e mbetur p\u00ebr liberalizimin e vizave.<\/p>\n<p>&#8211; Nd\u00ebrkaq hapat q\u00eb ende nuk ka arritur procesi p\u00ebr heqjen e vizave e q\u00eb duhet t\u00eb arrihen jan\u00eb:<\/p>\n<p>&#8211; Ambasador\u00ebt e BE-s\u00eb votojn\u00eb p\u00ebr liberalizimin e vizave<\/p>\n<p>&#8211; Mbajtja e takimit trepal\u00ebsh nd\u00ebrmjet Komisionit Evropian, K\u00ebshillit Evropian dhe Parlamentit Evropian<\/p>\n<p>&#8211; Ambasador\u00ebt e BE-s\u00eb miratojn\u00eb marr\u00ebveshjen e arritur nga tri institucionet<\/p>\n<p>&#8211; Parlamenti Evropian voton p\u00ebr liberalizimin e vizave<\/p>\n<p>&#8211; Ambasador\u00ebt e BE-s\u00eb votojn\u00eb me shumic\u00eb t\u00eb thjesht\u00eb p\u00ebr liberalizimin e vizave<\/p>\n<p>&#8211; K\u00ebshilli i Ministrave t\u00eb BE-s\u00eb miraton me shumic\u00eb t\u00eb thjesht\u00eb liberalizimin e vizave<\/p>\n<p>&#8211; Akti ligjor n\u00ebnshkruhet nga p\u00ebrfaq\u00ebsuesit e institucioneve t\u00eb BE-s\u00eb: Komisioni Evropian, K\u00ebshilli Evropian dhe Parlamenti Evropian<\/p>\n<p>&#8211; Vendimi publikohet n\u00eb Gazet\u00ebn Zyrtare, duke p\u00ebrfshir\u00eb dat\u00ebn e hyrjes n\u00eb fuqi<\/p>\n<p>&#8211; Liberalizimi hyn n\u00eb fuqi.<\/p>\n","protected":false},"excerpt":{"rendered":"<p>Nga 1 janari 2024 qytetar\u00ebt e Kosov\u00ebs do t\u00eb mund t\u00eb udh\u00ebtojn\u00eb drejt zon\u00ebs Shengen pa viza p\u00ebr q\u00ebndrime afatshkurtra. Udh\u00ebtimi pa viza n\u00ebnkupton se mund t\u00eb udh\u00ebtohet\u00a0lirsh\u00ebm n\u00eb shtetet e zon\u00ebs Shengen, por nuk do t\u00eb mund t\u00eb punohet. Pa viza u mund\u00ebson qytetar\u00ebve t\u00eb Kosov\u00ebs t\u00eb udh\u00ebtojn\u00eb pa viz\u00eb p\u00ebr q\u00ebndrime t\u00eb shkurtra &hellip;<\/p>\n","protected":false},"author":4,"featured_media":58456,"comment_status":"open","ping_status":"open","sticky":false,"template":"","format":"standard","meta":{"footnotes":""},"categories":[37],"tags":[],"class_list":["post-58455","post","type-post","status-publish","format-standard","has-post-thumbnail","","category-politike"],"_links":{"self":[{"href":"https:\/\/rdnews.al\/index.php\/wp-json\/wp\/v2\/posts\/58455","targetHints":{"allow":["GET"]}}],"collection":[{"href":"https:\/\/rdnews.al\/index.php\/wp-json\/wp\/v2\/posts"}],"about":[{"href":"https:\/\/rdnews.al\/index.php\/wp-json\/wp\/v2\/types\/post"}],"author":[{"embeddable":true,"href":"https:\/\/rdnews.al\/index.php\/wp-json\/wp\/v2\/users\/4"}],"replies":[{"embeddable":true,"href":"https:\/\/rdnews.al\/index.php\/wp-json\/wp\/v2\/comments?post=58455"}],"version-history":[{"count":0,"href":"https:\/\/rdnews.al\/index.php\/wp-json\/wp\/v2\/posts\/58455\/revisions"}],"wp:featuredmedia":[{"embeddable":true,"href":"https:\/\/rdnews.al\/index.php\/wp-json\/wp\/v2\/media\/58456"}],"wp:attachment":[{"href":"https:\/\/rdnews.al\/index.php\/wp-json\/wp\/v2\/media?parent=58455"}],"wp:term":[{"taxonomy":"category","embeddable":true,"href":"https:\/\/rdnews.al\/index.php\/wp-json\/wp\/v2\/categories?post=58455"},{"taxonomy":"post_tag","embeddable":true,"href":"https:\/\/rdnews.al\/index.php\/wp-json\/wp\/v2\/tags?post=58455"}],"curies":[{"name":"wp","href":"https:\/\/api.w.org\/{rel}","templated":true}]}}