{"id":58550,"date":"2023-10-04T09:39:09","date_gmt":"2023-10-04T09:39:09","guid":{"rendered":"https:\/\/rdnews.al\/?p=58550"},"modified":"2023-10-04T10:33:31","modified_gmt":"2023-10-04T10:33:31","slug":"rama-mbeshtet-planin-serb-te-vucic-kunder-kosoves-ne-financial-times","status":"publish","type":"post","link":"https:\/\/rdnews.al\/index.php\/2023\/10\/04\/rama-mbeshtet-planin-serb-te-vucic-kunder-kosoves-ne-financial-times\/","title":{"rendered":"Rama mb\u00ebshtet planin serb t\u00eb Vu\u00e7i\u00e7 kund\u00ebr Kosov\u00ebs n\u00eb \u201cFinancial Times\u201d"},"content":{"rendered":"<p><strong>Rama mb\u00ebshtet edhe nj\u00eb her\u00eb tjet\u00ebr planin serb t\u00eb Vu\u00e7i\u00e7 kund\u00ebr Kosov\u00ebs ku ai p\u00ebrs\u00ebrit q\u00ebndrimin e Beogradit p\u00ebr nj\u00eb konferenc\u00eb nd\u00ebrkomb\u00ebtare p\u00ebr t\u00eb zhb\u00ebr\u00eb pavar\u00ebsin\u00eb e Kosov\u00ebs. <\/strong><\/p>\n<p>Edi Rama, n\u00eb nj\u00eb intervist\u00eb p\u00ebr britaniken <a href=\"https:\/\/www.ft.com\/content\/5be943f0-a23e-44c1-9ab1-7edad5f8009c\" target=\"_blank\" rel=\"noopener\">\u201cFinancial Times\u201d,\u00a0<\/a>ka theksuar s\u00ebrish s\u00eb NATO duhet t\u00eb rikthej\u00eb kontrollin n\u00eb veri t\u00eb Kosov\u00ebs. Sipas tij situata n\u00eb veri mbetet shum\u00eb e nxeht\u00eb.<\/p>\n<p>\u201cNATO duhet t\u00eb rikthej\u00eb kontrollin n\u00eb veri t\u00eb Kosov\u00ebs ose t\u00eb p\u00ebrballet me dhun\u00ebn e vazhdueshme midis serb\u00ebve etnik\u00eb dhe shqiptar\u00ebve n\u00eb rajon\u201d, u shpreh Rama gjat\u00eb intervist\u00ebs.<\/p>\n<p>M\u00eb tej kreu i qeveris\u00eb shqiptare \u00ebhst\u00eb shprehur se Kosova \u00ebsht\u00eb tashm\u00eb nj\u00eb tok\u00eb e paz\u00ebvend\u00ebsueshme, ku kriminaliteti dhe nacionalizmi po p\u00ebrplasen n\u00eb nj\u00eb m\u00ebnyr\u00eb shqet\u00ebsuese. Kufiri midis krimit dhe politik\u00ebs po b\u00ebhet i pavler\u00ebsuar, sipas kryeministrit.<\/p>\n<p>N\u00eb p\u00ebrgjigje t\u00eb k\u00ebsaj, NATO ka th\u00ebn\u00eb se do t\u00eb vendos\u00eb m\u00eb shum\u00eb trupa paqeruajt\u00ebse p\u00ebr t\u00eb stabilizuar situat\u00ebn, dhe Gjermania dhe Britania e Madhe kan\u00eb premtuar q\u00eb do t\u00eb d\u00ebrgojn\u00eb qindra ushtar\u00eb p\u00ebr t\u00eb ndihmuar forc\u00ebn ekzistuese prej 4,500 trupash n\u00eb mbajtjen e rajonit n\u00ebn kontroll.<\/p>\n<p>Rama gjithashtu p\u00ebrkrah nj\u00eb konferenc\u00eb t\u00eb nivelit t\u00eb lart\u00eb me pjes\u00ebmarrjen e lider\u00ebve t\u00eb Franc\u00ebs dhe Gjermanis\u00eb, dhe riangazhimin e SHBA-s\u00eb.<\/p>\n<p>Rama thot\u00eb se kishte t\u00ebrhequr v\u00ebmendjen p\u00ebr p\u00ebrkeq\u00ebsimin e situat\u00ebs s\u00eb siguris\u00eb n\u00eb Kosov\u00eb gjat\u00eb nj\u00eb samiti t\u00eb NATO-s n\u00eb korrik. Q\u00ebllimi ishte njohja e plot\u00eb e Kosov\u00ebs n\u00eb BE dhe n\u00eb Kombet e Bashkuara, por Rama e shprehet se e kupton se kjo \u00ebsht\u00eb nj\u00eb sfid\u00eb komplekse q\u00eb k\u00ebrkon lidership.<\/p>\n<p>Nd\u00ebrkoh\u00eb, p\u00ebr shkak t\u00eb k\u00ebrc\u00ebnimit t\u00eb rritur t\u00eb siguris\u00eb p\u00ebr shqiptar\u00ebt n\u00eb Kosov\u00eb dhe rajonin n\u00eb t\u00ebr\u00ebsi, Rama thot\u00eb se \u00ebsht\u00eb e r\u00ebnd\u00ebsishme t\u00eb flitet hapur.<\/p>\n<p>Ai thekson se paq\u00ebndrueshm\u00ebria n\u00eb Ballkanin Per\u00ebndimor i sh\u00ebrben interesave t\u00eb Mosk\u00ebs, dhe ndonj\u00ebher\u00eb, Kremlini mund t\u00eb k\u00ebrkoj\u00eb t\u00eb nd\u00ebrhyj\u00eb p\u00ebr t\u00eb krijuar tensione n\u00eb rajon.<\/p>\n<p>P\u00ebrve\u00e7 k\u00ebsaj, edhe pse nuk ka prova konkrete t\u00eb nd\u00ebrhyrjes ruse n\u00eb situat\u00ebn e tanishme, Rama thot\u00eb se ky \u00ebsht\u00eb nj\u00eb deduktim i natyrsh\u00ebm duke \u201cpasur parasysh taktikat q\u00eb Rusia ka p\u00ebrdorur n\u00eb vende t\u00eb tjera t\u00eb bot\u00ebs\u201d.<\/p>\n<p>Ai shton se \u201cKosova ka qen\u00eb nj\u00eb mjet q\u00eb mund t\u00eb p\u00ebrdoret nga rus\u00ebt p\u00ebr t\u00eb p\u00ebrkeq\u00ebsuar situat\u00ebn n\u00eb rajon.\u201d<\/p>\n","protected":false},"excerpt":{"rendered":"<p>Rama mb\u00ebshtet edhe nj\u00eb her\u00eb tjet\u00ebr planin serb t\u00eb Vu\u00e7i\u00e7 kund\u00ebr Kosov\u00ebs ku ai p\u00ebrs\u00ebrit q\u00ebndrimin e Beogradit p\u00ebr nj\u00eb konferenc\u00eb nd\u00ebrkomb\u00ebtare p\u00ebr t\u00eb zhb\u00ebr\u00eb pavar\u00ebsin\u00eb e Kosov\u00ebs. Edi Rama, n\u00eb nj\u00eb intervist\u00eb p\u00ebr britaniken \u201cFinancial Times\u201d,\u00a0ka theksuar s\u00ebrish s\u00eb NATO duhet t\u00eb rikthej\u00eb kontrollin n\u00eb veri t\u00eb Kosov\u00ebs. Sipas tij situata n\u00eb veri mbetet &hellip;<\/p>\n","protected":false},"author":4,"featured_media":0,"comment_status":"open","ping_status":"open","sticky":false,"template":"","format":"standard","meta":{"footnotes":""},"categories":[37],"tags":[],"class_list":["post-58550","post","type-post","status-publish","format-standard","","category-politike"],"_links":{"self":[{"href":"https:\/\/rdnews.al\/index.php\/wp-json\/wp\/v2\/posts\/58550","targetHints":{"allow":["GET"]}}],"collection":[{"href":"https:\/\/rdnews.al\/index.php\/wp-json\/wp\/v2\/posts"}],"about":[{"href":"https:\/\/rdnews.al\/index.php\/wp-json\/wp\/v2\/types\/post"}],"author":[{"embeddable":true,"href":"https:\/\/rdnews.al\/index.php\/wp-json\/wp\/v2\/users\/4"}],"replies":[{"embeddable":true,"href":"https:\/\/rdnews.al\/index.php\/wp-json\/wp\/v2\/comments?post=58550"}],"version-history":[{"count":0,"href":"https:\/\/rdnews.al\/index.php\/wp-json\/wp\/v2\/posts\/58550\/revisions"}],"wp:attachment":[{"href":"https:\/\/rdnews.al\/index.php\/wp-json\/wp\/v2\/media?parent=58550"}],"wp:term":[{"taxonomy":"category","embeddable":true,"href":"https:\/\/rdnews.al\/index.php\/wp-json\/wp\/v2\/categories?post=58550"},{"taxonomy":"post_tag","embeddable":true,"href":"https:\/\/rdnews.al\/index.php\/wp-json\/wp\/v2\/tags?post=58550"}],"curies":[{"name":"wp","href":"https:\/\/api.w.org\/{rel}","templated":true}]}}