{"id":58639,"date":"2023-10-05T08:47:50","date_gmt":"2023-10-05T08:47:50","guid":{"rendered":"https:\/\/rdnews.al\/?p=58639"},"modified":"2023-10-05T09:26:31","modified_gmt":"2023-10-05T09:26:31","slug":"bardhi-pengut-ke-marre-dy-kate-ne-kullen-me-te-shtrenjte-ne-tirane-goje-corap-i-piset","status":"publish","type":"post","link":"https:\/\/rdnews.al\/index.php\/2023\/10\/05\/bardhi-pengut-ke-marre-dy-kate-ne-kullen-me-te-shtrenjte-ne-tirane-goje-corap-i-piset\/","title":{"rendered":"Bardhi-Pengut: Ke marr\u00eb dy kate n\u00eb kull\u00ebn m\u00eb t\u00eb shtrenjt\u00eb n\u00eb Tiran\u00eb, goj\u00eb \u00e7orap i pis\u00ebt"},"content":{"rendered":"<p>Kryetari i grupit parlamentar t\u00eb PD, Gazment Bardhi iu p\u00ebrgjigj n\u00eb Kuvend Lulzim Bash\u00ebs, i cili tha se \u00ebsht\u00eb pjes\u00eb e aleanc\u00ebs s\u00eb kull\u00ebs.<\/p>\n<p>\u201cParafol\u00ebsi ka marr\u00eb dy kate n\u00eb nj\u00eb kull\u00eb n\u00eb nj\u00eb nga zonat m\u00eb t\u00eb shtrenjta t\u00eb Tiran\u00ebs, dhe kur vjen k\u00ebtu p\u00ebr t\u00eb akuzuar koleg\u00ebt p\u00ebr aleanca kullash, num\u00ebro nj\u00ebher\u00eb katet n\u00eb kull\u00ebn m\u00eb t\u00eb shtrenjt\u00eb t\u00eb Tiran\u00ebs.<\/p>\n<p>Ti je i vetmi njeri q\u00eb je vet\u00ebshpallur kryetar partie. Nuk je as opozit\u00eb, as p\u00ebrfaq\u00ebsues i PD, as p\u00ebrfaq\u00ebsues i grupit parlamentar.<\/p>\n<p>Je thjesht nj\u00eb i rikthyer p\u00ebr t\u00eb b\u00ebr\u00eb gjoja opozit\u00eb ndaj opozit\u00ebs, se me ata mbrapa nuk ta mban\u201d, tha Bardhi.<\/p>\n","protected":false},"excerpt":{"rendered":"<p>Kryetari i grupit parlamentar t\u00eb PD, Gazment Bardhi iu p\u00ebrgjigj n\u00eb Kuvend Lulzim Bash\u00ebs, i cili tha se \u00ebsht\u00eb pjes\u00eb e aleanc\u00ebs s\u00eb kull\u00ebs. \u201cParafol\u00ebsi ka marr\u00eb dy kate n\u00eb nj\u00eb kull\u00eb n\u00eb nj\u00eb nga zonat m\u00eb t\u00eb shtrenjta t\u00eb Tiran\u00ebs, dhe kur vjen k\u00ebtu p\u00ebr t\u00eb akuzuar koleg\u00ebt p\u00ebr aleanca kullash, num\u00ebro nj\u00ebher\u00eb katet &hellip;<\/p>\n","protected":false},"author":4,"featured_media":0,"comment_status":"open","ping_status":"open","sticky":false,"template":"","format":"standard","meta":{"footnotes":""},"categories":[37],"tags":[],"class_list":["post-58639","post","type-post","status-publish","format-standard","","category-politike"],"_links":{"self":[{"href":"https:\/\/rdnews.al\/index.php\/wp-json\/wp\/v2\/posts\/58639","targetHints":{"allow":["GET"]}}],"collection":[{"href":"https:\/\/rdnews.al\/index.php\/wp-json\/wp\/v2\/posts"}],"about":[{"href":"https:\/\/rdnews.al\/index.php\/wp-json\/wp\/v2\/types\/post"}],"author":[{"embeddable":true,"href":"https:\/\/rdnews.al\/index.php\/wp-json\/wp\/v2\/users\/4"}],"replies":[{"embeddable":true,"href":"https:\/\/rdnews.al\/index.php\/wp-json\/wp\/v2\/comments?post=58639"}],"version-history":[{"count":0,"href":"https:\/\/rdnews.al\/index.php\/wp-json\/wp\/v2\/posts\/58639\/revisions"}],"wp:attachment":[{"href":"https:\/\/rdnews.al\/index.php\/wp-json\/wp\/v2\/media?parent=58639"}],"wp:term":[{"taxonomy":"category","embeddable":true,"href":"https:\/\/rdnews.al\/index.php\/wp-json\/wp\/v2\/categories?post=58639"},{"taxonomy":"post_tag","embeddable":true,"href":"https:\/\/rdnews.al\/index.php\/wp-json\/wp\/v2\/tags?post=58639"}],"curies":[{"name":"wp","href":"https:\/\/api.w.org\/{rel}","templated":true}]}}