{"id":58702,"date":"2023-10-05T11:50:05","date_gmt":"2023-10-05T11:50:05","guid":{"rendered":"https:\/\/rdnews.al\/?p=58702"},"modified":"2023-10-05T11:50:05","modified_gmt":"2023-10-05T11:50:05","slug":"berisha-cdo-politikan-qe-perdor-telefona-te-kriptuar-te-jete-objekt-i-dekriminalizimit","status":"publish","type":"post","link":"https:\/\/rdnews.al\/index.php\/2023\/10\/05\/berisha-cdo-politikan-qe-perdor-telefona-te-kriptuar-te-jete-objekt-i-dekriminalizimit\/","title":{"rendered":"Berisha: \u00c7do politikan q\u00eb p\u00ebrdor telefona t\u00eb kriptuar t\u00eb jet\u00eb objekt i dekriminalizimit"},"content":{"rendered":"<p>Kryetari i PD, Sali Berisha tha n\u00eb Parlament se, \u00e7do politikan q\u00eb p\u00ebrdor telefona t\u00eb kriptuar, \u00eb jet\u00eb objekt i dekriminalizimit.<\/p>\n<p>\u201cPropozimi im \u00ebsht\u00eb ky: \u00e7do politikan, \u00e7do deputet dhe deputete, q\u00eb ka p\u00ebrdorur EncroChat, q\u00eb ka p\u00ebrdorur aplikacionin SKY ECC, q\u00eb ka p\u00ebrdorur telefona t\u00eb tjer\u00eb t\u00eb kriptuar, ai t\u00eb jet\u00eb objekt i dekriminalizimit.<\/p>\n<p>Shoh se po largoni polic\u00eb, shum\u00eb mir\u00eb. Por duhet t\u00eb b\u00ebjm\u00eb n\u00eb radh\u00eb t\u00eb par\u00eb transparenc\u00ebn e politikan\u00ebve se ata jan\u00eb udh\u00ebheq\u00ebsit e krimit t\u00eb organizuar\u201d, tha Berisha.<\/p>\n","protected":false},"excerpt":{"rendered":"<p>Kryetari i PD, Sali Berisha tha n\u00eb Parlament se, \u00e7do politikan q\u00eb p\u00ebrdor telefona t\u00eb kriptuar, \u00eb jet\u00eb objekt i dekriminalizimit. \u201cPropozimi im \u00ebsht\u00eb ky: \u00e7do politikan, \u00e7do deputet dhe deputete, q\u00eb ka p\u00ebrdorur EncroChat, q\u00eb ka p\u00ebrdorur aplikacionin SKY ECC, q\u00eb ka p\u00ebrdorur telefona t\u00eb tjer\u00eb t\u00eb kriptuar, ai t\u00eb jet\u00eb objekt i dekriminalizimit. &hellip;<\/p>\n","protected":false},"author":4,"featured_media":58703,"comment_status":"open","ping_status":"open","sticky":false,"template":"","format":"standard","meta":{"footnotes":""},"categories":[37],"tags":[],"class_list":["post-58702","post","type-post","status-publish","format-standard","has-post-thumbnail","","category-politike"],"_links":{"self":[{"href":"https:\/\/rdnews.al\/index.php\/wp-json\/wp\/v2\/posts\/58702","targetHints":{"allow":["GET"]}}],"collection":[{"href":"https:\/\/rdnews.al\/index.php\/wp-json\/wp\/v2\/posts"}],"about":[{"href":"https:\/\/rdnews.al\/index.php\/wp-json\/wp\/v2\/types\/post"}],"author":[{"embeddable":true,"href":"https:\/\/rdnews.al\/index.php\/wp-json\/wp\/v2\/users\/4"}],"replies":[{"embeddable":true,"href":"https:\/\/rdnews.al\/index.php\/wp-json\/wp\/v2\/comments?post=58702"}],"version-history":[{"count":0,"href":"https:\/\/rdnews.al\/index.php\/wp-json\/wp\/v2\/posts\/58702\/revisions"}],"wp:featuredmedia":[{"embeddable":true,"href":"https:\/\/rdnews.al\/index.php\/wp-json\/wp\/v2\/media\/58703"}],"wp:attachment":[{"href":"https:\/\/rdnews.al\/index.php\/wp-json\/wp\/v2\/media?parent=58702"}],"wp:term":[{"taxonomy":"category","embeddable":true,"href":"https:\/\/rdnews.al\/index.php\/wp-json\/wp\/v2\/categories?post=58702"},{"taxonomy":"post_tag","embeddable":true,"href":"https:\/\/rdnews.al\/index.php\/wp-json\/wp\/v2\/tags?post=58702"}],"curies":[{"name":"wp","href":"https:\/\/api.w.org\/{rel}","templated":true}]}}