{"id":58800,"date":"2023-10-06T09:56:15","date_gmt":"2023-10-06T09:56:15","guid":{"rendered":"https:\/\/rdnews.al\/?p=58800"},"modified":"2023-10-06T09:57:21","modified_gmt":"2023-10-06T09:57:21","slug":"mediat-serbe-cmenden-per-banderolen-e-tifozeve-te-aek-ut-tradhti-ne-mes-te-athines","status":"publish","type":"post","link":"https:\/\/rdnews.al\/index.php\/2023\/10\/06\/mediat-serbe-cmenden-per-banderolen-e-tifozeve-te-aek-ut-tradhti-ne-mes-te-athines\/","title":{"rendered":"Mediat serbe \u00e7menden p\u00ebr banderol\u00ebn e tifoz\u00ebve t\u00eb AEK-ut: \u201cTradhti n\u00eb mes t\u00eb Athin\u00ebs\u201d!"},"content":{"rendered":"<p>Nj\u00eb nga momentet q\u00eb t\u00ebrhoqi m\u00eb s\u00eb shumti v\u00ebmendjen n\u00eb ndeshjen e Europa League mes AEK-ut t\u00eb Athin\u00ebs dhe Ajaxit ishte edhe nj\u00eb banderol\u00eb e hapur nga tifoz\u00ebt grek\u00eb. N\u00eb t\u00eb shkruhej me t\u00eb madhe se \u201cKosova \u00ebsht\u00eb Shqip\u00ebri\u201d, me tifoz\u00ebt e AEK-ut t\u00eb Athin\u00ebs q\u00eb dol\u00ebn k\u00ebshtu hapur n\u00eb krah t\u00eb shqiptar\u00ebve, ndryshe nga sa b\u00ebn\u00eb para disa dit\u00ebsh tifoz\u00ebt e Olympiacos.<\/p>\n<p>Por, kjo banderol\u00eb nuk ka kaluar pa u komentuar n\u00eb mediat serbe, t\u00eb cilat si gjithnj\u00eb nuk e l\u00ebn\u00eb m\u00ebnjan\u00eb dram\u00ebn duke i k\u00ebrkuar edhe llogari grek\u00ebve p\u00ebr at\u00eb, q\u00eb sipas tyre, konsiderohet si nj\u00eb tradhti n\u00eb mes t\u00eb Athin\u00ebs.<\/p>\n<p>\u201cP\u00ebrse e b\u00ebn k\u00ebt\u00eb v\u00ebllezerit grek\u00eb? Nj\u00eb tradh\u00ebti n\u00eb mes t\u00eb Athin\u00ebs dhe q\u00eb l\u00ebndon shum\u00eb popullin serb\u201d, shkruan novosti.rs.<\/p>\n<p>\u201cNj\u00eb thik\u00eb n\u00eb zem\u00ebr p\u00ebr serb\u00ebt nga ana e tifoz\u00ebve grek\u00eb, v\u00ebllez\u00ebr nuk e prisnim k\u00ebt\u00eb nga ju. Ja slogani q\u00eb i tronditi t\u00eb gjith\u00eb n\u00eb Serbi. Para pak koh\u00ebsh, tifoz\u00ebt e AEK kishin nj\u00eb tjet\u00ebr q\u00ebndrim, nuk e dim\u00eb se \u00e7far\u00eb ka ndodhur\u201d, shkruan kurir.rs.<\/p>\n<p>\u201cGrek\u00ebt i ngul\u00ebn nj\u00eb thik\u00eb pas shpine Serbis\u00eb\u201d, shkruan sport.alo.rs.<\/p>\n","protected":false},"excerpt":{"rendered":"<p>Nj\u00eb nga momentet q\u00eb t\u00ebrhoqi m\u00eb s\u00eb shumti v\u00ebmendjen n\u00eb ndeshjen e Europa League mes AEK-ut t\u00eb Athin\u00ebs dhe Ajaxit ishte edhe nj\u00eb banderol\u00eb e hapur nga tifoz\u00ebt grek\u00eb. N\u00eb t\u00eb shkruhej me t\u00eb madhe se \u201cKosova \u00ebsht\u00eb Shqip\u00ebri\u201d, me tifoz\u00ebt e AEK-ut t\u00eb Athin\u00ebs q\u00eb dol\u00ebn k\u00ebshtu hapur n\u00eb krah t\u00eb shqiptar\u00ebve, ndryshe nga &hellip;<\/p>\n","protected":false},"author":4,"featured_media":58776,"comment_status":"open","ping_status":"open","sticky":false,"template":"","format":"standard","meta":{"footnotes":""},"categories":[39],"tags":[],"class_list":["post-58800","post","type-post","status-publish","format-standard","has-post-thumbnail","","category-sport"],"_links":{"self":[{"href":"https:\/\/rdnews.al\/index.php\/wp-json\/wp\/v2\/posts\/58800","targetHints":{"allow":["GET"]}}],"collection":[{"href":"https:\/\/rdnews.al\/index.php\/wp-json\/wp\/v2\/posts"}],"about":[{"href":"https:\/\/rdnews.al\/index.php\/wp-json\/wp\/v2\/types\/post"}],"author":[{"embeddable":true,"href":"https:\/\/rdnews.al\/index.php\/wp-json\/wp\/v2\/users\/4"}],"replies":[{"embeddable":true,"href":"https:\/\/rdnews.al\/index.php\/wp-json\/wp\/v2\/comments?post=58800"}],"version-history":[{"count":0,"href":"https:\/\/rdnews.al\/index.php\/wp-json\/wp\/v2\/posts\/58800\/revisions"}],"wp:featuredmedia":[{"embeddable":true,"href":"https:\/\/rdnews.al\/index.php\/wp-json\/wp\/v2\/media\/58776"}],"wp:attachment":[{"href":"https:\/\/rdnews.al\/index.php\/wp-json\/wp\/v2\/media?parent=58800"}],"wp:term":[{"taxonomy":"category","embeddable":true,"href":"https:\/\/rdnews.al\/index.php\/wp-json\/wp\/v2\/categories?post=58800"},{"taxonomy":"post_tag","embeddable":true,"href":"https:\/\/rdnews.al\/index.php\/wp-json\/wp\/v2\/tags?post=58800"}],"curies":[{"name":"wp","href":"https:\/\/api.w.org\/{rel}","templated":true}]}}