{"id":58829,"date":"2023-10-06T11:08:18","date_gmt":"2023-10-06T11:08:18","guid":{"rendered":"https:\/\/rdnews.al\/?p=58829"},"modified":"2023-10-06T11:08:49","modified_gmt":"2023-10-06T11:08:49","slug":"berisha-me-ramen-nuk-ka-zgjedhje-thelbi-jane-protestat-e-fuqishme","status":"publish","type":"post","link":"https:\/\/rdnews.al\/index.php\/2023\/10\/06\/berisha-me-ramen-nuk-ka-zgjedhje-thelbi-jane-protestat-e-fuqishme\/","title":{"rendered":"Berisha: Me Ram\u00ebn nuk ka zgjedhje, thelbi jan\u00eb protestat e fuqishme!"},"content":{"rendered":"<p>Kryetari i PD, Sali Berisha tha se, ky raport ka nj\u00eb mesazh p\u00ebr shqiptar\u00ebt: me Edi Ram\u00ebn nuk ka zgjedhje, por ka fars\u00eb. Ai tha se, me Ram\u00ebn nuk ka zgjedhje, thelbi jan\u00eb protestat e fuqishme!<br \/>\n\u201cKy raport ka nj\u00eb mesazh p\u00ebr shqiptar\u00ebt: me Edi Ram\u00ebn nuk ka zgjedhje, por ka fars\u00eb.<br \/>\nAkti i djesh\u00ebm n\u00eb parlament p\u00ebrb\u00ebnte atentatin m\u00eb t\u00eb sh\u00ebmtuar t\u00eb narkoshtetit ndaj pluralizmit parlamentar n\u00eb 32 vite.<br \/>\nEdi Rama tregoi se nuk pranon pluralitetin e v\u00ebrtet\u00eb n\u00eb parlament dhe n\u00eb nj\u00eb akt t\u00eb pashembullt, n\u00eb m\u00ebnyr\u00eb absolute n\u00eb asnj\u00eb vend tjet\u00ebr pluralist, merr p\u00ebrsip\u00ebr t\u2019i caktoj\u00eb opozit\u00ebs, p\u00ebrfaq\u00ebsuesin q\u00eb don ai.<br \/>\nSi\u00e7 b\u00ebri n\u00eb zgjedhjet e 14 majit me kryetarin e koalicionit.<br \/>\nT\u00eb gjitha k\u00ebto jan\u00eb \u00e7\u00ebshtje thelb\u00ebsore t\u00eb cilave opozita duhet t\u2019u p\u00ebrgjigjet dhe do u p\u00ebrgjigjet.<br \/>\nThelbi \u00ebsht\u00eb me protesta t\u00eb fuqishme dhe p\u00ebrpjekje t\u00eb tjera komplekse.<br \/>\nMe Edi Ram\u00ebn nuk ka zgjedhje, nuk ka pluraliz\u00ebm parlamentar. Ne do i mbrojm\u00eb ato\u201d, tha Berisha.<\/p>\n","protected":false},"excerpt":{"rendered":"<p>Kryetari i PD, Sali Berisha tha se, ky raport ka nj\u00eb mesazh p\u00ebr shqiptar\u00ebt: me Edi Ram\u00ebn nuk ka zgjedhje, por ka fars\u00eb. Ai tha se, me Ram\u00ebn nuk ka zgjedhje, thelbi jan\u00eb protestat e fuqishme! \u201cKy raport ka nj\u00eb mesazh p\u00ebr shqiptar\u00ebt: me Edi Ram\u00ebn nuk ka zgjedhje, por ka fars\u00eb. Akti i djesh\u00ebm &hellip;<\/p>\n","protected":false},"author":4,"featured_media":58818,"comment_status":"open","ping_status":"open","sticky":false,"template":"","format":"standard","meta":{"footnotes":""},"categories":[37],"tags":[],"class_list":["post-58829","post","type-post","status-publish","format-standard","has-post-thumbnail","","category-politike"],"_links":{"self":[{"href":"https:\/\/rdnews.al\/index.php\/wp-json\/wp\/v2\/posts\/58829","targetHints":{"allow":["GET"]}}],"collection":[{"href":"https:\/\/rdnews.al\/index.php\/wp-json\/wp\/v2\/posts"}],"about":[{"href":"https:\/\/rdnews.al\/index.php\/wp-json\/wp\/v2\/types\/post"}],"author":[{"embeddable":true,"href":"https:\/\/rdnews.al\/index.php\/wp-json\/wp\/v2\/users\/4"}],"replies":[{"embeddable":true,"href":"https:\/\/rdnews.al\/index.php\/wp-json\/wp\/v2\/comments?post=58829"}],"version-history":[{"count":0,"href":"https:\/\/rdnews.al\/index.php\/wp-json\/wp\/v2\/posts\/58829\/revisions"}],"wp:featuredmedia":[{"embeddable":true,"href":"https:\/\/rdnews.al\/index.php\/wp-json\/wp\/v2\/media\/58818"}],"wp:attachment":[{"href":"https:\/\/rdnews.al\/index.php\/wp-json\/wp\/v2\/media?parent=58829"}],"wp:term":[{"taxonomy":"category","embeddable":true,"href":"https:\/\/rdnews.al\/index.php\/wp-json\/wp\/v2\/categories?post=58829"},{"taxonomy":"post_tag","embeddable":true,"href":"https:\/\/rdnews.al\/index.php\/wp-json\/wp\/v2\/tags?post=58829"}],"curies":[{"name":"wp","href":"https:\/\/api.w.org\/{rel}","templated":true}]}}