{"id":58918,"date":"2023-10-07T17:21:05","date_gmt":"2023-10-07T17:21:05","guid":{"rendered":"https:\/\/rdnews.al\/?p=58918"},"modified":"2023-10-07T17:21:05","modified_gmt":"2023-10-07T17:21:05","slug":"argati-i-beogradit-ne-tirane-po-i-mban-iso-n-nje-loje-te-rrezikshme-destabilizuese-ne-ballkan","status":"publish","type":"post","link":"https:\/\/rdnews.al\/index.php\/2023\/10\/07\/argati-i-beogradit-ne-tirane-po-i-mban-iso-n-nje-loje-te-rrezikshme-destabilizuese-ne-ballkan\/","title":{"rendered":"Argati i Beogradit n\u00eb Tiran\u00eb po i mban iso-n nj\u00eb loje t\u00eb rrezikshme destabilizuese n\u00eb Ballkan"},"content":{"rendered":"<p><strong>Nga\u00a0Bardh SPAHIA<\/strong><\/p>\n<p>Q\u00ebndrimi q\u00eb po mbajn\u00eb nj\u00ebz\u00ebri p\u00ebrfaq\u00ebsuesit e Republik\u00ebs s\u00eb Kosov\u00ebs, \u00ebsht\u00eb ai q\u00eb duhet mb\u00ebshtetur pa asnj\u00eb rezerv\u00eb nga i gjith\u00eb faktori shqiptar.<\/p>\n<p>Nuk mund t\u00eb ket\u00eb bisedime me Serbin\u00eb p\u00ebrsa koh\u00eb drejtuesit e saj vazhdojn\u00eb t\u00eb mb\u00ebshtesin agresionin ndaj Kosov\u00ebs, e p\u00ebrsa koh\u00eb komuniteti nd\u00ebrkomb\u00ebtar vazhdon me p\u00ebrk\u00ebdheljet ndaj nj\u00eb vendi q\u00eb ka sulmuar n\u00eb m\u00ebnyr\u00eb terroriste, me arm\u00eb nj\u00eb vend tjet\u00ebr sovran duke shkaktuar edhe vdekjen e an\u00ebtarit t\u00eb forcave t\u00eb policis\u00eb s\u00eb Kosov\u00ebs, d\u00ebshmorit Afrim Bunjaku.<\/p>\n<p>P\u00ebrsa koh\u00eb Bashkimi Europian pranon q\u00eb Serbia t\u2019i b\u00ebj\u00eb karshill\u00ebk duke refuzuar edhe foton zyrtare, p\u00ebr shkak t\u00eb simboleve dhe p\u00ebrfaq\u00ebsimit t\u00eb Kosov\u00ebs, si\u00e7 ndodhi n\u00eb rastin e takimit t\u00eb djesh\u00ebm t\u00eb Ministrave t\u00eb Jasht\u00ebm t\u00eb Procesit t\u00eb Berlinit, kjo do t\u00eb thot\u00eb se asgj\u00eb e mir\u00eb nuk pritet p\u00ebr rajonin dhe p\u00ebr Europ\u00ebn!<\/p>\n<p>Tensionet nuk kan\u00eb p\u00ebr t\u2019u ulur dhe \u00e7\u00ebshtja e dialogut Prishtin\u00eb-Beograd nuk ka p\u00ebr t\u00eb b\u00ebr\u00eb p\u00ebrpara, deri kur Bashkimi Europian t\u00eb jet\u00eb vet\u00eb i p\u00ebr\u00e7ar\u00eb p\u00ebr njohjen e Kosov\u00ebs. Mospranimi i k\u00ebtij realiteti nuk ka p\u00ebr ta p\u00ebrmir\u00ebsuar gjendjen mes dy vendeve.<\/p>\n<p>Mosnjohja e Kosov\u00ebs nga 5 vende t\u00eb BE do t\u00eb vazhdoj\u00eb t\u00eb jet\u00eb nj\u00eb arm\u00eb e fort\u00eb destabilizuese n\u00eb duart e Serbis\u00eb!<\/p>\n<p>E fatkeq\u00ebsisht argati i Vu\u00e7i\u00e7 n\u00eb Tiran\u00ebn zyrtare, Edi Rama, po i mban iso-n k\u00ebsaj loje t\u00eb err\u00ebt q\u00eb rrezikon t\u00eb destabilizoj\u00eb Ballkanin nd\u00ebr t\u00eb tjera, pas deklarat\u00ebs s\u00eb tij t\u00eb turpshme p\u00ebr Financial Times, ku cil\u00ebsonte Kosov\u00ebn apo veriun e saj si &#8220;tok\u00eb e askujt&#8221; edhe duke urdh\u00ebruar mazhoranc\u00ebn q\u00eb kontrollon vet\u00eb p\u00ebr t\u00eb mos dal\u00eb me nj\u00eb rezolut\u00eb n\u00eb mb\u00ebshtetje t\u00eb rezolut\u00ebs s\u00eb Parlamentit t\u00eb Kosov\u00ebs.<\/p>\n<p>T\u00eb thuash se Shqip\u00ebria ka b\u00ebr\u00eb m\u00eb shum\u00eb se kurr\u00eb p\u00ebr Kosov\u00ebn, n\u00eb cil\u00ebsin\u00eb e kryeministrit t\u00eb nj\u00eb vendi q\u00eb me kushtetut\u00eb e ka t\u00eb sanksionuar mbrojtjen e t\u00eb drejtave t\u00eb shqiptar\u00ebve kudo ato ndodhen, vet\u00ebm Edi Rama dhe egoja e tij e s\u00ebmur\u00eb p\u00ebr t\u00eb q\u00ebn\u00eb aleat i Beogradit mund ta b\u00ebj\u00eb.<\/p>\n<p>Ndaj Kosov\u00ebs kemi detyrimin t\u00eb jemi deri n\u00eb fund krah saj dhe z\u00ebri i fuqish\u00ebm edhe n\u00eb ato dyer ku refuzimi \u00ebsht\u00eb ulur k\u00ebmb\u00ebkryq!<\/p>\n","protected":false},"excerpt":{"rendered":"<p>Nga\u00a0Bardh SPAHIA Q\u00ebndrimi q\u00eb po mbajn\u00eb nj\u00ebz\u00ebri p\u00ebrfaq\u00ebsuesit e Republik\u00ebs s\u00eb Kosov\u00ebs, \u00ebsht\u00eb ai q\u00eb duhet mb\u00ebshtetur pa asnj\u00eb rezerv\u00eb nga i gjith\u00eb faktori shqiptar. Nuk mund t\u00eb ket\u00eb bisedime me Serbin\u00eb p\u00ebrsa koh\u00eb drejtuesit e saj vazhdojn\u00eb t\u00eb mb\u00ebshtesin agresionin ndaj Kosov\u00ebs, e p\u00ebrsa koh\u00eb komuniteti nd\u00ebrkomb\u00ebtar vazhdon me p\u00ebrk\u00ebdheljet ndaj nj\u00eb vendi q\u00eb &hellip;<\/p>\n","protected":false},"author":4,"featured_media":56169,"comment_status":"open","ping_status":"open","sticky":false,"template":"","format":"standard","meta":{"footnotes":""},"categories":[44],"tags":[],"class_list":["post-58918","post","type-post","status-publish","format-standard","has-post-thumbnail","","category-editorial"],"_links":{"self":[{"href":"https:\/\/rdnews.al\/index.php\/wp-json\/wp\/v2\/posts\/58918","targetHints":{"allow":["GET"]}}],"collection":[{"href":"https:\/\/rdnews.al\/index.php\/wp-json\/wp\/v2\/posts"}],"about":[{"href":"https:\/\/rdnews.al\/index.php\/wp-json\/wp\/v2\/types\/post"}],"author":[{"embeddable":true,"href":"https:\/\/rdnews.al\/index.php\/wp-json\/wp\/v2\/users\/4"}],"replies":[{"embeddable":true,"href":"https:\/\/rdnews.al\/index.php\/wp-json\/wp\/v2\/comments?post=58918"}],"version-history":[{"count":0,"href":"https:\/\/rdnews.al\/index.php\/wp-json\/wp\/v2\/posts\/58918\/revisions"}],"wp:featuredmedia":[{"embeddable":true,"href":"https:\/\/rdnews.al\/index.php\/wp-json\/wp\/v2\/media\/56169"}],"wp:attachment":[{"href":"https:\/\/rdnews.al\/index.php\/wp-json\/wp\/v2\/media?parent=58918"}],"wp:term":[{"taxonomy":"category","embeddable":true,"href":"https:\/\/rdnews.al\/index.php\/wp-json\/wp\/v2\/categories?post=58918"},{"taxonomy":"post_tag","embeddable":true,"href":"https:\/\/rdnews.al\/index.php\/wp-json\/wp\/v2\/tags?post=58918"}],"curies":[{"name":"wp","href":"https:\/\/api.w.org\/{rel}","templated":true}]}}