{"id":59170,"date":"2023-10-11T09:49:03","date_gmt":"2023-10-11T09:49:03","guid":{"rendered":"https:\/\/rdnews.al\/?p=59170"},"modified":"2023-10-11T09:49:03","modified_gmt":"2023-10-11T09:49:03","slug":"stoltenberg-eshte-e-rendesishme-qe-nato-te-rrise-prezencen-ne-kosove","status":"publish","type":"post","link":"https:\/\/rdnews.al\/index.php\/2023\/10\/11\/stoltenberg-eshte-e-rendesishme-qe-nato-te-rrise-prezencen-ne-kosove\/","title":{"rendered":"Stoltenberg: \u00cbsht\u00eb e r\u00ebnd\u00ebsishme q\u00eb NATO t\u00eb rris\u00eb prezenc\u00ebn n\u00eb Kosov\u00eb"},"content":{"rendered":"<p>Sekretari i P\u00ebrgjithsh\u00ebm i NATO-s, Jens Stoltenberg, ka theksuar r\u00ebnd\u00ebsin\u00eb e rritjes s\u00eb prezenc\u00ebs s\u00eb NATO-s n\u00eb Kosov\u00eb pas rritjeve t\u00eb tensioneve n\u00eb veri t\u00eb vendit.<\/p>\n<p>Ai\u00a0e b\u00ebri k\u00ebt\u00eb deklarat\u00eb sot n\u00eb nj\u00eb prononcim p\u00ebr media kur njoftoi se nes\u00ebr n\u00eb takimin e ministrave t\u00eb Mbrojtjes t\u00eb vendeve aleate do t\u00eb flitet edhe p\u00ebr Kosov\u00ebn.<\/p>\n<p>\u201cKemi par\u00eb nj\u00eb rritje tensionesh, prandaj \u00ebsht\u00eb e r\u00ebnd\u00ebsishme q\u00eb NATO t\u00eb rris\u00eb prezenc\u00ebn n\u00eb Kosov\u00eb\u201d, tha ai.<\/p>\n<p>Diskutimet e nes\u00ebrme (e enjte 12 tetor 2023) do t\u00eb fokusohen n\u00eb parandalimin dhe mbrojtjen. Ministrat do t\u00eb b\u00ebjn\u00eb nj\u00eb bilanc t\u00eb pun\u00ebs q\u00eb po b\u00ebhet p\u00ebr burimet dhe ushtrimin e planeve t\u00eb fuqishme t\u00eb mbrojtjes p\u00ebr t\u00eb cilat lider\u00ebt aleat\u00eb ran\u00eb dakord n\u00eb Samitin e Vilniusit.<\/p>\n<p>Ata gjithashtu do t\u00eb adresojn\u00eb misionet dhe operacionet e NATO-s, duke p\u00ebrfshir\u00eb n\u00eb Kosov\u00eb dhe Irak dhe do t\u00eb diskutojn\u00eb d\u00ebmet e fundit n\u00eb infrastruktur\u00ebn n\u00ebnujore midis Estonis\u00eb dhe Finland\u00ebs, thuhet n\u00eb komunikat\u00ebn e NATO-s sot.<\/p>\n<p>S\u00eb fundi, trupa shtes\u00eb n\u00eb Kosov\u00eb ka d\u00ebrguar Mbret\u00ebria e Bashkuar, si dhe Rumania pritet t\u2019i d\u00ebrgoj\u00eb rreth 100. Po ashtu, edhe Gjermania ka paralajm\u00ebruar d\u00ebrgimin e trupave shtes\u00eb pasi Kosova u p\u00ebrball me sulm terrorist.<\/p>\n","protected":false},"excerpt":{"rendered":"<p>Sekretari i P\u00ebrgjithsh\u00ebm i NATO-s, Jens Stoltenberg, ka theksuar r\u00ebnd\u00ebsin\u00eb e rritjes s\u00eb prezenc\u00ebs s\u00eb NATO-s n\u00eb Kosov\u00eb pas rritjeve t\u00eb tensioneve n\u00eb veri t\u00eb vendit. Ai\u00a0e b\u00ebri k\u00ebt\u00eb deklarat\u00eb sot n\u00eb nj\u00eb prononcim p\u00ebr media kur njoftoi se nes\u00ebr n\u00eb takimin e ministrave t\u00eb Mbrojtjes t\u00eb vendeve aleate do t\u00eb flitet edhe p\u00ebr Kosov\u00ebn. &hellip;<\/p>\n","protected":false},"author":4,"featured_media":59171,"comment_status":"open","ping_status":"open","sticky":false,"template":"","format":"standard","meta":{"footnotes":""},"categories":[38],"tags":[],"class_list":["post-59170","post","type-post","status-publish","format-standard","has-post-thumbnail","","category-bota"],"_links":{"self":[{"href":"https:\/\/rdnews.al\/index.php\/wp-json\/wp\/v2\/posts\/59170","targetHints":{"allow":["GET"]}}],"collection":[{"href":"https:\/\/rdnews.al\/index.php\/wp-json\/wp\/v2\/posts"}],"about":[{"href":"https:\/\/rdnews.al\/index.php\/wp-json\/wp\/v2\/types\/post"}],"author":[{"embeddable":true,"href":"https:\/\/rdnews.al\/index.php\/wp-json\/wp\/v2\/users\/4"}],"replies":[{"embeddable":true,"href":"https:\/\/rdnews.al\/index.php\/wp-json\/wp\/v2\/comments?post=59170"}],"version-history":[{"count":0,"href":"https:\/\/rdnews.al\/index.php\/wp-json\/wp\/v2\/posts\/59170\/revisions"}],"wp:featuredmedia":[{"embeddable":true,"href":"https:\/\/rdnews.al\/index.php\/wp-json\/wp\/v2\/media\/59171"}],"wp:attachment":[{"href":"https:\/\/rdnews.al\/index.php\/wp-json\/wp\/v2\/media?parent=59170"}],"wp:term":[{"taxonomy":"category","embeddable":true,"href":"https:\/\/rdnews.al\/index.php\/wp-json\/wp\/v2\/categories?post=59170"},{"taxonomy":"post_tag","embeddable":true,"href":"https:\/\/rdnews.al\/index.php\/wp-json\/wp\/v2\/tags?post=59170"}],"curies":[{"name":"wp","href":"https:\/\/api.w.org\/{rel}","templated":true}]}}