{"id":59234,"date":"2023-10-12T09:53:57","date_gmt":"2023-10-12T09:53:57","guid":{"rendered":"https:\/\/rdnews.al\/?p=59234"},"modified":"2023-10-12T09:53:57","modified_gmt":"2023-10-12T09:53:57","slug":"rama-sulmon-kurtin-dhe-mbron-idene-e-tij-se-veriu-i-kosoves-eshte-toka-e-askujt","status":"publish","type":"post","link":"https:\/\/rdnews.al\/index.php\/2023\/10\/12\/rama-sulmon-kurtin-dhe-mbron-idene-e-tij-se-veriu-i-kosoves-eshte-toka-e-askujt\/","title":{"rendered":"Rama sulmon Kurtin dhe mbron iden\u00eb e tij se veriu i Kosov\u00ebs \u00ebsht\u00eb toka e askujt"},"content":{"rendered":"<p>Kryeministri Edi Rama sulmoi s\u00ebrish kryeministrin e Kosov\u00ebs, Albin Kurti nga foltorja e Kuvendit. Ai tha se, veriu i Kosov\u00ebs \u00ebsht\u00eb toka e askujt ndaj KFOR duhet t\u00eb marr\u00eb kontrollin.<\/p>\n<p>Rama deliroi kur tha se Kurti po b\u00ebn gabime q\u00eb po ia v\u00ebshtir\u00ebsojn\u00eb atij p\u00ebrpjekjet te nd\u00ebrkomb\u00ebtar\u00ebt p\u00ebr \u00e7\u00ebshtjen kosovare. Rama tha se Kurti i b\u00ebn k\u00ebto p\u00ebr konsum t\u00eb brendsh\u00ebm politik.<\/p>\n<p><em>\u201cPozicioni i vet\u00ebdob\u00ebsuar diplomatik i Kosov\u00ebs n\u00eb syt\u00eb e BE-s\u00eb dhe SHBA-s\u00eb dhe vet\u00eb viktimizimi diplomatik i Serbis\u00eb n\u00eb ata sy, fal\u00eb dhuratave politike t\u00eb marra bujarisht nga gabimet e Prishtin\u00ebs zyrtare, e b\u00ebjn\u00eb jo t\u00eb leht\u00eb k\u00ebt\u00eb p\u00ebrpjekje nga ana jon\u00eb, t\u00eb cil\u00ebn e kemi vazhduar n\u00eb \u00e7do instanc\u00eb dhe \u00e7do rrethan\u00eb. K\u00ebt\u00eb e b\u00ebm\u00eb edhe n\u00eb samitin e Komunitetit Politik Evropian, ku bashk\u00eb me presidenten Osmani kemi folur me aktor\u00ebt politik\u00eb p\u00ebr nevoj\u00ebn e nj\u00eb q\u00ebndrimi adekuat t\u00eb BE-s\u00eb ndaj k\u00ebtij p\u00ebrshkall\u00ebzimi t\u00eb rreziksh\u00ebm, sepse Beogradi mban nj\u00eb p\u00ebrgjegj\u00ebsi t\u00eb madhe, p\u00ebrderisa jo vet\u00ebm q\u00eb nuk e d\u00ebnoi agresionin, por e mbuloi me flamurin komb\u00ebtar t\u00eb zis\u00eb, p\u00ebrderisa nuk shpalli thirrjen p\u00ebr hetim, bashk\u00eb me t\u00eb gjitha forcat e p\u00ebrfshira n\u00eb procesin e normalizimin\u201d<\/em>, tha Rama.<\/p>\n<p>Kryeministri e vazhdoi fjalimin skandaloz duke th\u00ebn\u00eb s\u00ebrish se KFOR duhet t\u00eb marr\u00eb kontrollin e veriut t\u00eb Kosov\u00ebs. Rama hodhi posht\u00eb pun\u00ebn profesionale t\u00eb policis\u00eb s\u00eb Kosov\u00ebs, duke th\u00ebn\u00eb se p\u00ebr k\u00ebt\u00eb arsye duhet vendosur kontrolli nga KFOR-i.<\/p>\n<p><em>&#8220;Kufiri me Serbin\u00eb \u00ebsht\u00eb katandisur n\u00eb nj\u00eb rrjet\u00eb t\u00eb \u00e7ar\u00eb kudo, ky hyjn\u00eb\u00a0armatime, drog\u00eb, nd\u00ebrkoh\u00eb q\u00eb forcat ekzistuese t\u00eb kufirit jan\u00eb t\u00eb pamjaftueshme. Un\u00eb k\u00ebtu\u00a0flas\u00a0p\u00ebr p\u00ebrgjegj\u00ebsin\u00eb absolute q\u00eb KFOR do t\u00eb marr\u00eb p\u00ebr ta v\u00ebn\u00eb n\u00eb kontroll veriun. Gj\u00eb q\u00eb forcat e Koosv\u00ebs nuk e b\u00ebjn\u00eb dot. K\u00ebt\u00eb e thon\u00eb vet\u00eb udh\u00ebheq\u00ebsit e lart\u00eb t\u00eb Kosov\u00ebs. KFOR e ka shprehur sa her\u00eb ka k\u00ebrcitje, pak\u00ebnaq\u00ebsin\u00eb p\u00ebr nivelin e bashk\u00ebpunimit me shtetin e Kosov\u00ebs, sepse \u00ebsht\u00eb e qart\u00eb nuk ka forca t\u00eb mjaftueshme p\u00ebr t\u00eb kontrolluar situat\u00ebn e r\u00ebnduar dhe pastaj justifikohet se nuk kemi bashk\u00ebpunim. Kam th\u00ebn\u00eb gj\u00ebn\u00eb e duhur p\u00ebr intere<\/em><em>sin e Shqip\u00ebris\u00eb dhe t\u00eb Kosov\u00ebs<\/em><em>&#8220;<\/em><em>,<\/em>\u00a0tha Rama.<\/p>\n<p>Rama insistoi s\u00ebrish te fjalia e tij e r\u00ebnd\u00eb se veriu i Kosov\u00ebs \u00ebsht\u00eb toka e askujt. Duke folur p\u00ebr p\u00ebrplasjen e tij me Ramush Haradinajn, Rama tha se ajo ishte p\u00ebrplasje personale.<\/p>\n<p>Edhe pse Shqip\u00ebria \u00ebsht\u00eb nj\u00eb vend i krimbur nga droga, korrupsioni dhe krimi i organizuar, Rama tha se ai vler\u00ebsohet shum\u00eb nga nd\u00ebrkomb\u00ebtar\u00ebt, ndryshe nga sa ndodh me Kosov\u00ebn.<\/p>\n<p>&nbsp;<\/p>\n","protected":false},"excerpt":{"rendered":"<p>Kryeministri Edi Rama sulmoi s\u00ebrish kryeministrin e Kosov\u00ebs, Albin Kurti nga foltorja e Kuvendit. Ai tha se, veriu i Kosov\u00ebs \u00ebsht\u00eb toka e askujt ndaj KFOR duhet t\u00eb marr\u00eb kontrollin. Rama deliroi kur tha se Kurti po b\u00ebn gabime q\u00eb po ia v\u00ebshtir\u00ebsojn\u00eb atij p\u00ebrpjekjet te nd\u00ebrkomb\u00ebtar\u00ebt p\u00ebr \u00e7\u00ebshtjen kosovare. Rama tha se Kurti i &hellip;<\/p>\n","protected":false},"author":4,"featured_media":0,"comment_status":"open","ping_status":"open","sticky":false,"template":"","format":"standard","meta":{"footnotes":""},"categories":[37],"tags":[],"class_list":["post-59234","post","type-post","status-publish","format-standard","","category-politike"],"_links":{"self":[{"href":"https:\/\/rdnews.al\/index.php\/wp-json\/wp\/v2\/posts\/59234","targetHints":{"allow":["GET"]}}],"collection":[{"href":"https:\/\/rdnews.al\/index.php\/wp-json\/wp\/v2\/posts"}],"about":[{"href":"https:\/\/rdnews.al\/index.php\/wp-json\/wp\/v2\/types\/post"}],"author":[{"embeddable":true,"href":"https:\/\/rdnews.al\/index.php\/wp-json\/wp\/v2\/users\/4"}],"replies":[{"embeddable":true,"href":"https:\/\/rdnews.al\/index.php\/wp-json\/wp\/v2\/comments?post=59234"}],"version-history":[{"count":0,"href":"https:\/\/rdnews.al\/index.php\/wp-json\/wp\/v2\/posts\/59234\/revisions"}],"wp:attachment":[{"href":"https:\/\/rdnews.al\/index.php\/wp-json\/wp\/v2\/media?parent=59234"}],"wp:term":[{"taxonomy":"category","embeddable":true,"href":"https:\/\/rdnews.al\/index.php\/wp-json\/wp\/v2\/categories?post=59234"},{"taxonomy":"post_tag","embeddable":true,"href":"https:\/\/rdnews.al\/index.php\/wp-json\/wp\/v2\/tags?post=59234"}],"curies":[{"name":"wp","href":"https:\/\/api.w.org\/{rel}","templated":true}]}}