{"id":59241,"date":"2023-10-12T10:12:12","date_gmt":"2023-10-12T10:12:12","guid":{"rendered":"https:\/\/rdnews.al\/?p=59241"},"modified":"2023-10-12T10:12:23","modified_gmt":"2023-10-12T10:12:23","slug":"berisha-i-vetmi-konsensus-mbeshtetja-e-plote-rezolutes-se-kuvendit-te-kosoves","status":"publish","type":"post","link":"https:\/\/rdnews.al\/index.php\/2023\/10\/12\/berisha-i-vetmi-konsensus-mbeshtetja-e-plote-rezolutes-se-kuvendit-te-kosoves\/","title":{"rendered":"Berisha: I vetmi konsensus, mb\u00ebshtetja e plot\u00eb e rezolut\u00ebs s\u00eb Kuvendit t\u00eb Kosov\u00ebs"},"content":{"rendered":"<p>Sali Berisha e ka konsideruar \u201carritje t\u00eb madhe komb\u00ebtare\u201d arritjen e konsensusit mes PD dhe PS p\u00ebr miratimin e rezolut\u00ebs s\u00eb Kosov\u00ebs p\u00ebr sulmin n\u00eb Banjsk\u00eb m\u00eb 24 shtator nga nj\u00eb grup serb\u00ebsh.<\/p>\n<p>Berisha theksoi se marr\u00ebdh\u00ebniet mes Shqip\u00ebris\u00eb dhe Kosov\u00ebsduhet t\u00eb nd\u00ebrtohen n\u00eb parimin e mosnd\u00ebrhyrjes n\u00eb m\u00ebnyr\u00eb kategorike n\u00eb pun\u00ebt e brendshme, duke shtuar se \u201cjemi v\u00ebllez\u00ebr, por dy shtetet t\u00eb pavarura\u201d.<\/p>\n<p>I pyetur se si u arrit konsensusi, Berisha u p\u00ebrgjigj se do merret vesh aq sa u zbulua se \u00e7far\u00eb ndodhi me Ballkanin e Hapur.<\/p>\n<p>\u201cKemi qen\u00eb n\u00eb q\u00ebndrime t\u00eb kund\u00ebrta p\u00ebr Kosov\u00eb. Marr\u00ebdh\u00ebniet  Shqip\u00ebris\u00eb me Kosov\u00ebn duhet t\u00eb nd\u00ebrtohen n\u00eb parimin e mosnd\u00ebrhyrjes n\u00eb m\u00ebnyr\u00eb kategorike n\u00eb pun\u00ebt e brendshme. Jemi v\u00ebllez\u00ebr, por dy shtetet t\u00eb pavarura. Respektimi i vullnetit t\u00eb zgjedh\u00ebsve n\u00eb dy vendet \u00ebsht\u00eb kusht themelor, por kjo s\u2019ka ndodhur.<\/p>\n<p>Konsensusi \u00ebsht\u00eb arritje  e madhe komb\u00ebtare, u ra dakord q\u00eb t\u00eb mb\u00ebshtetet plot\u00ebsisht rezoluta e Kosov\u00ebs.<\/p>\n<p>K\u00ebt\u00eb prisnim shqiptar\u00ebt e Kosov\u00ebs nga Parlamenti i Shqip\u00ebris\u00eb, plus dy rekomandime t\u00eb tjera.<\/p>\n<p>Aq sa mund ta merrni vesh \u00e7far\u00eb ndodhi me Ballkanin e Hapur, me promotorin e tij. E r\u00ebnd\u00ebsishme \u00ebsht\u00eb t\u00eb votohet, \u00ebsht\u00eb akt i r\u00ebnd\u00ebsish\u00ebm n\u00eb nj\u00eb moment t\u00eb r\u00ebnd\u00ebsish\u00ebm\u201d, tha Berisha.<\/p>\n","protected":false},"excerpt":{"rendered":"<p>Sali Berisha e ka konsideruar \u201carritje t\u00eb madhe komb\u00ebtare\u201d arritjen e konsensusit mes PD dhe PS p\u00ebr miratimin e rezolut\u00ebs s\u00eb Kosov\u00ebs p\u00ebr sulmin n\u00eb Banjsk\u00eb m\u00eb 24 shtator nga nj\u00eb grup serb\u00ebsh. Berisha theksoi se marr\u00ebdh\u00ebniet mes Shqip\u00ebris\u00eb dhe Kosov\u00ebsduhet t\u00eb nd\u00ebrtohen n\u00eb parimin e mosnd\u00ebrhyrjes n\u00eb m\u00ebnyr\u00eb kategorike n\u00eb pun\u00ebt e brendshme, duke &hellip;<\/p>\n","protected":false},"author":4,"featured_media":55486,"comment_status":"open","ping_status":"open","sticky":false,"template":"","format":"standard","meta":{"footnotes":""},"categories":[37],"tags":[],"class_list":["post-59241","post","type-post","status-publish","format-standard","has-post-thumbnail","","category-politike"],"_links":{"self":[{"href":"https:\/\/rdnews.al\/index.php\/wp-json\/wp\/v2\/posts\/59241","targetHints":{"allow":["GET"]}}],"collection":[{"href":"https:\/\/rdnews.al\/index.php\/wp-json\/wp\/v2\/posts"}],"about":[{"href":"https:\/\/rdnews.al\/index.php\/wp-json\/wp\/v2\/types\/post"}],"author":[{"embeddable":true,"href":"https:\/\/rdnews.al\/index.php\/wp-json\/wp\/v2\/users\/4"}],"replies":[{"embeddable":true,"href":"https:\/\/rdnews.al\/index.php\/wp-json\/wp\/v2\/comments?post=59241"}],"version-history":[{"count":0,"href":"https:\/\/rdnews.al\/index.php\/wp-json\/wp\/v2\/posts\/59241\/revisions"}],"wp:featuredmedia":[{"embeddable":true,"href":"https:\/\/rdnews.al\/index.php\/wp-json\/wp\/v2\/media\/55486"}],"wp:attachment":[{"href":"https:\/\/rdnews.al\/index.php\/wp-json\/wp\/v2\/media?parent=59241"}],"wp:term":[{"taxonomy":"category","embeddable":true,"href":"https:\/\/rdnews.al\/index.php\/wp-json\/wp\/v2\/categories?post=59241"},{"taxonomy":"post_tag","embeddable":true,"href":"https:\/\/rdnews.al\/index.php\/wp-json\/wp\/v2\/tags?post=59241"}],"curies":[{"name":"wp","href":"https:\/\/api.w.org\/{rel}","templated":true}]}}